{"id":489098,"date":"2025-10-25T13:17:10","date_gmt":"2025-10-25T13:17:10","guid":{"rendered":"https:\/\/www.europesays.com\/fr\/489098\/"},"modified":"2025-10-25T13:17:10","modified_gmt":"2025-10-25T13:17:10","slug":"avant-de-se-rendre-au-parc-ol-strasbourg-voyage-bien","status":"publish","type":"post","link":"https:\/\/www.europesays.com\/fr\/489098\/","title":{"rendered":"Avant de se rendre au Parc OL, Strasbourg voyage bien"},"content":{"rendered":"<p>                            <img width=\"770\" height=\"433\" src=\"https:\/\/www.europesays.com\/fr\/wp-content\/uploads\/2025\/10\/MjAyNTA1YWM1ZjJiZTE0MjczNGZlNmEwNzNiMjAyZjk0YTBjMTY-770x433.jpeg\" class=\"attachment-article size-article wp-post-image\" alt=\"Diego Moreira buteur avec Strasbourg\" decoding=\"async\" fetchpriority=\"high\"  \/><\/p>\n<p>Diego Moreira buteur avec Strasbourg (Photo by Frederick FLORIN \/ AFP)<\/p>\n<p>Troisi\u00e8me de Ligue 1 avec un point d\u2019avance sur l\u2019OL, Strasbourg surfe sur sa bonne saison pass\u00e9e. Depuis le d\u00e9but de l\u2019exercice, le club alsacien tire sa force d\u2019une capacit\u00e9 \u00e0 bien voyager.<\/p>\n<p>L\u2019<strong>OL<\/strong>\u00a0le sait, il va falloir montrer les muscles ce dimanche \u00e0 la maison pour \u00e9viter de conc\u00e9der une troisi\u00e8me d\u00e9faite de suite en Ligue 1. En chutant face \u00e0\u00a0<strong>Toulouse<\/strong>\u00a0puis\u00a0<strong>Nice<\/strong>, les Lyonnais ont grill\u00e9 deux jokers qui n\u2019auraient pas \u00e9t\u00e9 de trop avant de recevoir\u00a0<strong>Strasbourg<\/strong>\u00a0\u00e0 D\u00e9cines. Face \u00e0 la formation alsacienne, rentrer bredouille n\u2019est pas forc\u00e9ment esp\u00e9r\u00e9 si les joueurs de Paulo\u00a0<a href=\"https:\/\/www.olympique-et-lyonnais.com\/fonseca-ol-dithyrambique-envers-strasbourg,383354.html\" target=\"_blank\" rel=\"noopener\">Fonseca<\/a>\u00a0veulent continuer \u00e0 garder le rythme du haut de tableau. Au Parc OL, ce sera un vrai choc de Ligue 1, tant le RCSA surfe encore sur sa saison derni\u00e8re et continue de surprendre.<\/p>\n<p>Plus de deux buts de moyenne \u00e0 l&rsquo;ext\u00e9rieur<\/p>\n<p>\u00c0 20h45 ce dimanche, ce sera tout sauf une partie de plaisir donc, d\u2019autant plus que les hommes de Liam\u00a0<strong>Rosenior<\/strong>\u00a0sont plut\u00f4t \u00e0 l\u2019aise loin de leurs bases. Sur les six matchs jou\u00e9s \u00e0 l\u2019ext\u00e9rieur toutes comp\u00e9titions confondues,\u00a0<strong>Strasbourg<\/strong>\u00a0ne s\u2019est inclin\u00e9 qu\u2019\u00e0 une seule reprise (quatre victoires et un nul). C\u2019\u00e9tait le 31 ao\u00fbt dernier \u00e0\u00a0<strong>Monaco<\/strong>\u00a0(3-2). Le dernier d\u00e9placement laisse d\u2019ailleurs quelques regrets aux Alsaciens puisqu\u2019ils avaient r\u00e9ussi le tour de force de mener 3-1 au Parc des Princes, avant de finalement conc\u00e9der le nul contre le\u00a0<strong>PSG<\/strong>.<\/p>\n<p>Marquer beaucoup de buts est d\u2019ailleurs une constante \u00e0 l\u2019ext\u00e9rieur. Avec neuf buts inscrits en quatre matchs de Ligue 1, les co\u00e9quipiers de Mamadou\u00a0<strong>Sarr<\/strong>\u00a0tournent \u00e0 plus de deux r\u00e9alisations de moyenne. En plus de l\u2019efficacit\u00e9 offensive, l\u2019OL devra avant tout \u00eatre vigilant d\u00e9fensivement pour esp\u00e9rer quelque chose dans cette 9e journ\u00e9e.<\/p>\n","protected":false},"excerpt":{"rendered":"Diego Moreira buteur avec Strasbourg (Photo by Frederick FLORIN \/ AFP) Troisi\u00e8me de Ligue 1 avec un point&hellip;\n","protected":false},"author":2,"featured_media":489099,"comment_status":"","ping_status":"","sticky":false,"template":"","format":"standard","meta":{"footnotes":""},"categories":[2820],"tags":[1111,11,1777,674,1011,27,775,66,12,241,978,25,640],"class_list":{"0":"post-489098","1":"post","2":"type-post","3":"status-publish","4":"format-standard","5":"has-post-thumbnail","7":"category-strasbourg","8":"tag-actu","9":"tag-actualites","10":"tag-eu","11":"tag-europe","12":"tag-fr","13":"tag-france","14":"tag-grand-est","15":"tag-ligue-1","16":"tag-news","17":"tag-ol","18":"tag-olympique-lyonnais","19":"tag-republique-francaise","20":"tag-strasbourg"},"share_on_mastodon":{"url":"https:\/\/pubeurope.com\/@fr\/115435001976194831","error":""},"_links":{"self":[{"href":"https:\/\/www.europesays.com\/fr\/wp-json\/wp\/v2\/posts\/489098","targetHints":{"allow":["GET"]}}],"collection":[{"href":"https:\/\/www.europesays.com\/fr\/wp-json\/wp\/v2\/posts"}],"about":[{"href":"https:\/\/www.europesays.com\/fr\/wp-json\/wp\/v2\/types\/post"}],"author":[{"embeddable":true,"href":"https:\/\/www.europesays.com\/fr\/wp-json\/wp\/v2\/users\/2"}],"replies":[{"embeddable":true,"href":"https:\/\/www.europesays.com\/fr\/wp-json\/wp\/v2\/comments?post=489098"}],"version-history":[{"count":0,"href":"https:\/\/www.europesays.com\/fr\/wp-json\/wp\/v2\/posts\/489098\/revisions"}],"wp:featuredmedia":[{"embeddable":true,"href":"https:\/\/www.europesays.com\/fr\/wp-json\/wp\/v2\/media\/489099"}],"wp:attachment":[{"href":"https:\/\/www.europesays.com\/fr\/wp-json\/wp\/v2\/media?parent=489098"}],"wp:term":[{"taxonomy":"category","embeddable":true,"href":"https:\/\/www.europesays.com\/fr\/wp-json\/wp\/v2\/categories?post=489098"},{"taxonomy":"post_tag","embeddable":true,"href":"https:\/\/www.europesays.com\/fr\/wp-json\/wp\/v2\/tags?post=489098"}],"curies":[{"name":"wp","href":"https:\/\/api.w.org\/{rel}","templated":true}]}}