{"id":489100,"date":"2025-10-25T13:18:23","date_gmt":"2025-10-25T13:18:23","guid":{"rendered":"https:\/\/www.europesays.com\/fr\/489100\/"},"modified":"2025-10-25T13:18:23","modified_gmt":"2025-10-25T13:18:23","slug":"nice-un-scooter-heurte-une-voiture-apres-un-refus-dobtemperer-un-adolescent-gravement-blesse","status":"publish","type":"post","link":"https:\/\/www.europesays.com\/fr\/489100\/","title":{"rendered":"Nice. Un scooter heurte une voiture apr\u00e8s un refus d&rsquo;obtemp\u00e9rer, un adolescent gravement bless\u00e9"},"content":{"rendered":"<p>            Par<br \/>\n        <strong><br \/>\n            <a href=\"https:\/\/actu.fr\/auteur\/arthur-frand\" title=\"Consulter tous les articles de Arthur Frand\" rel=\"nofollow noopener\" target=\"_blank\">Arthur Frand<\/a><br \/>\n        <\/strong><\/p>\n<p>        Publi\u00e9 le<\/p>\n<p>            23 oct. 2025 \u00e0 11h19        <\/p>\n<p>Un accident s\u2019est produit entre un scooter et une voiture dans le centre de <a href=\"https:\/\/actu.fr\/nice\/\" rel=\"nofollow noopener\" target=\"_blank\">Nice<\/a> dans les <a href=\"https:\/\/actu.fr\/provence-alpes-cote-d-azur\/alpes-maritimes_06\" rel=\"nofollow noopener\" target=\"_blank\">Alpes-Maritimes<\/a>, vers 2\u00a0heures du matin, ce jeudi 23\u00a0octobre 2025.<\/p>\n<p>    <a href=\"https:\/\/www.google.com\/maps\/embed?pb=!1m18!1m12!1m3!1d1212.866550061298!2d7.258130716120245!3d43.69601942856441!2m3!1f0!2f0!3f0!3m2!1i1024!2i768!4f13.1!3m3!1m2!1s0x12cdd00c8db6ab2f%3A0x823b026fd04b9da0!2sRue%20de%20Rivoli%2C%2006000%20Nice!5e0!3m2!1sfr!2sfr!4v1761209762981!5m2!1sfr!2sfr\" title=\"Ouvrie le lien\" rel=\"nofollow noopener\" target=\"_blank\">Cliquez ici pour visualiser le contenu<\/a><\/p>\n<p class=\" wall-content\">Le conducteur du deux-roues, \u00e2g\u00e9 de 17\u00a0ans, a \u00e9t\u00e9 <strong>gri\u00e8vement bless\u00e9<\/strong> suite au choc, pr\u00e9cise le Sdis des Alpes-Maritimes \u00e0 <a href=\"https:\/\/actu.fr\/nice\/\" rel=\"nofollow noopener\" target=\"_blank\">actu Nice<\/a>.<\/p>\n<p>Refus d\u2019obtemp\u00e9rer au contr\u00f4le routier<\/p>\n<p class=\" wall-content\">Cet accident est survenu dans un cadre particulier, apr\u00e8s un <strong>refus d\u2019obtemp\u00e9rer<\/strong>, apprend actu Nice, confirmant une information de <a href=\"https:\/\/www.nicematin.com\/faits-divers\/un-accident-entre-un-deux-roues-et-une-voiture-fait-deux-blesses-dans-le-centre-ville-de-nice-10653674\" rel=\"nofollow noopener\" target=\"_blank\">Nice-Matin<\/a>. La nuit derni\u00e8re, un contr\u00f4le routier \u00e9tait mis en place au niveau de la <strong>place de l\u2019Ile-de-Beaut\u00e9<\/strong> pr\u00e8s de Port Lympia.<\/p>\n<p class=\" wall-content\">Le conducteur du scooter<strong> a \u00e9vit\u00e9 ce contr\u00f4le<\/strong> en bifurquant. Il a \u00e9t\u00e9 poursuivi par un \u00e9quipage de police secours puis par la brigade anticriminalit\u00e9 (BAC).<\/p>\n<p>Le conducteur du scooter dans un \u00e9tat grave<\/p>\n<p class=\" wall-content\">Le conducteur du scooter a grill\u00e9 plusieurs feux rouges dans sa fuite et <strong>a percut\u00e9 une voiture<\/strong>, selon une source polici\u00e8re. L\u2019accident est survenu au carrefour des rues de Rivoli et de France \u00e0 Nice.<\/p>\n<p class=\" wall-content\">Tomb\u00e9 lourdement, le conducteur a \u00e9t\u00e9 pris en charge par les pompiers puis <strong>transport\u00e9 \u00e0 l\u2019h\u00f4pital Pasteur<\/strong> dans un \u00e9tat grave, confirme le Sdis des Alpes-Maritimes. Le passager du deux-roues, lui aussi \u00e2g\u00e9 de 17 ans, a \u00e9t\u00e9 bless\u00e9 plus l\u00e9g\u00e8rement \u00e0 l\u2019\u00e9paule puis emmen\u00e9 \u00e0 l\u2019h\u00f4pital Lenval. Le conducteur de la voiture, de son c\u00f4t\u00e9, est indemne.<\/p>\n<p class=\" wall-content\">Personnalisez votre actualit\u00e9 en ajoutant vos villes et m\u00e9dias en favori avec <a href=\"https:\/\/moncompte.actu.fr\" title=\"D\u00e9couvez Mon Actu\" rel=\"nofollow noopener\" data-trk=\"{&quot;cta&quot;:{&quot;action&quot;:&quot;https:\\\/\\\/moncompte.actu.fr&quot;,&quot;category&quot;:&quot;mon compte&quot;,&quot;from&quot;:&quot;article footer&quot;,&quot;name&quot;:&quot;Mon actu&quot;,&quot;type&quot;:&quot;cta&quot;}}\" target=\"_blank\">Mon Actu<\/a>.<\/p>\n","protected":false},"excerpt":{"rendered":"Par Arthur Frand Publi\u00e9 le 23 oct. 2025 \u00e0 11h19 Un accident s\u2019est produit entre un scooter et&hellip;\n","protected":false},"author":2,"featured_media":489101,"comment_status":"","ping_status":"","sticky":false,"template":"","format":"standard","meta":{"footnotes":""},"categories":[2819],"tags":[119,1111,11,1777,674,1011,27,12,2401,1072,1311,882,25,104],"class_list":{"0":"post-489100","1":"post","2":"type-post","3":"status-publish","4":"format-standard","5":"has-post-thumbnail","7":"category-nice","8":"tag-accident","9":"tag-actu","10":"tag-actualites","11":"tag-eu","12":"tag-europe","13":"tag-fr","14":"tag-france","15":"tag-news","16":"tag-nice","17":"tag-police","18":"tag-pompiers","19":"tag-provence-alpes-cote-dazur","20":"tag-republique-francaise","21":"tag-societe"},"share_on_mastodon":{"url":"https:\/\/pubeurope.com\/@fr\/115435005974338757","error":""},"_links":{"self":[{"href":"https:\/\/www.europesays.com\/fr\/wp-json\/wp\/v2\/posts\/489100","targetHints":{"allow":["GET"]}}],"collection":[{"href":"https:\/\/www.europesays.com\/fr\/wp-json\/wp\/v2\/posts"}],"about":[{"href":"https:\/\/www.europesays.com\/fr\/wp-json\/wp\/v2\/types\/post"}],"author":[{"embeddable":true,"href":"https:\/\/www.europesays.com\/fr\/wp-json\/wp\/v2\/users\/2"}],"replies":[{"embeddable":true,"href":"https:\/\/www.europesays.com\/fr\/wp-json\/wp\/v2\/comments?post=489100"}],"version-history":[{"count":0,"href":"https:\/\/www.europesays.com\/fr\/wp-json\/wp\/v2\/posts\/489100\/revisions"}],"wp:featuredmedia":[{"embeddable":true,"href":"https:\/\/www.europesays.com\/fr\/wp-json\/wp\/v2\/media\/489101"}],"wp:attachment":[{"href":"https:\/\/www.europesays.com\/fr\/wp-json\/wp\/v2\/media?parent=489100"}],"wp:term":[{"taxonomy":"category","embeddable":true,"href":"https:\/\/www.europesays.com\/fr\/wp-json\/wp\/v2\/categories?post=489100"},{"taxonomy":"post_tag","embeddable":true,"href":"https:\/\/www.europesays.com\/fr\/wp-json\/wp\/v2\/tags?post=489100"}],"curies":[{"name":"wp","href":"https:\/\/api.w.org\/{rel}","templated":true}]}}