{"id":489105,"date":"2025-10-25T13:21:11","date_gmt":"2025-10-25T13:21:11","guid":{"rendered":"https:\/\/www.europesays.com\/fr\/489105\/"},"modified":"2025-10-25T13:21:11","modified_gmt":"2025-10-25T13:21:11","slug":"video-buteur-avec-nantes-youssef-el-arabi-etablit-un-nouveau-record-en-ligue-1-cette-saison","status":"publish","type":"post","link":"https:\/\/www.europesays.com\/fr\/489105\/","title":{"rendered":"VID\u00c9O. Buteur avec Nantes, Youssef El-Arabi \u00e9tablit un nouveau record en Ligue 1 cette saison"},"content":{"rendered":"<p>            Par<br \/>\n        <strong><br \/>\n            <a href=\"https:\/\/actu.fr\/auteur\/aline-chatel\" title=\"Consulter tous les articles de Aline Chatel\" target=\"_blank\" rel=\"noopener\">Aline Chatel<\/a><br \/>\n        <\/strong><\/p>\n<p>        Publi\u00e9 le<\/p>\n<p>            25 oct. 2025 \u00e0 13h32        <\/p>\n<p>A lui non plus, <b>ne lui parlez pas d\u2019\u00e2ge<\/b> ! Youssef El-Arabi a 38 ans mais il n\u2019a rien perdu de son sens du but. En inscrivant sa deuxi\u00e8me r\u00e9alisation de la saison, vendredi 24 octobre 2025, le natif de Caen est devenu le meilleur buteur du FC Nantes. Il est aussi celui qui a <b>marqu\u00e9 le but le plus rapide en Ligue 1<\/b>, cette saison, puisqu\u2019il ne lui a fallu qu\u2019une minute et 32 secondes pour faire trembler les filets d\u2019Obed Nkambadio, le gardien du Paris FC. <b>Un joli but <\/b>de l\u2019ext\u00e9rieur de la surface.\u00a0<\/p>\n<p class=\" wall-content\">\n<p class=\" wall-content\">Nantes <b>s\u2019est impos\u00e9 2-1 <\/b>et Youssef El-Arabi a donc rendu \u00e0 son entra\u00eeneur la confiance qu\u2019il lui avait accord\u00e9e en le titularisant pour la premi\u00e8re fois de la saison. Nantes n\u2019avait plus gagn\u00e9 depuis la fin du mois d\u2019ao\u00fbt. L\u2019ancien joueur du Stade Malherbe, <b>rentr\u00e9 en France cet \u00e9t\u00e9<\/b> apr\u00e8s avoir pass\u00e9 quasiment quinze ans \u00e0 l\u2019\u00e9tranger, a tr\u00e8s peu jou\u00e9 en d\u00e9but de saison.<\/p>\n<p>Deux autres records \u00e0 son actif cette saison<\/p>\n<p class=\" wall-content\">Avant la r\u00e9ception de Lille le 19 octobre 2025,<b> il n\u2019avait jamais pass\u00e9 plus de huit minutes sur le terrain<\/b>. Youssef El-Arabi n\u2019avait pas eu besoin de plus \u2013 en fait si, puisqu\u2019il avait frapp\u00e9 au bout des arr\u00eats de jeu \u2013 pour marquer contre Rennes, le 20 septembre 2025 (2-2). Il avait alors sign\u00e9 un autre record, celui du plus large \u00e9cart entre deux buts en Ligue 1. <b>Quatorze ans et 142 jours plus t\u00f4t<\/b>, le 1er mai 2011, il avait ferm\u00e9 la marque lors de la large victoire de Caen sur Nice (0-4).\u00a0<\/p>\n<p class=\" wall-content\">Comme si cela ne suffisait pas, <b>Youssef El-Arabi est aussi le buteur le plus \u00e2g\u00e9 <\/b>de l\u2019histoire du FC Nantes.<\/p>\n<p class=\" wall-content\">Personnalisez votre actualit\u00e9 en ajoutant vos villes et m\u00e9dias en favori avec <a href=\"https:\/\/moncompte.actu.fr\" title=\"D\u00e9couvez Mon Actu\" rel=\"nofollow noopener\" data-trk=\"{&quot;cta&quot;:{&quot;action&quot;:&quot;https:\\\/\\\/moncompte.actu.fr&quot;,&quot;category&quot;:&quot;mon compte&quot;,&quot;from&quot;:&quot;article footer&quot;,&quot;name&quot;:&quot;Mon actu&quot;,&quot;type&quot;:&quot;cta&quot;}}\" target=\"_blank\">Mon Actu<\/a>.<\/p>\n","protected":false},"excerpt":{"rendered":"Par Aline Chatel Publi\u00e9 le 25 oct. 2025 \u00e0 13h32 A lui non plus, ne lui parlez pas&hellip;\n","protected":false},"author":2,"featured_media":489106,"comment_status":"","ping_status":"","sticky":false,"template":"","format":"standard","meta":{"footnotes":""},"categories":[2818],"tags":[1111,11,1777,674,25068,63,1011,27,766,12,2636,25,15104,1745,60,266],"class_list":{"0":"post-489105","1":"post","2":"type-post","3":"status-publish","4":"format-standard","5":"has-post-thumbnail","7":"category-nantes","8":"tag-actu","9":"tag-actualites","10":"tag-eu","11":"tag-europe","12":"tag-foot-normandie","13":"tag-football","14":"tag-fr","15":"tag-france","16":"tag-nantes","17":"tag-news","18":"tag-pays-de-la-loire","19":"tag-republique-francaise","20":"tag-sm-caen","21":"tag-sport-caen","22":"tag-sports","23":"tag-stade-malherbe-de-caen"},"share_on_mastodon":{"url":"https:\/\/pubeurope.com\/@fr\/115435017651306181","error":""},"_links":{"self":[{"href":"https:\/\/www.europesays.com\/fr\/wp-json\/wp\/v2\/posts\/489105","targetHints":{"allow":["GET"]}}],"collection":[{"href":"https:\/\/www.europesays.com\/fr\/wp-json\/wp\/v2\/posts"}],"about":[{"href":"https:\/\/www.europesays.com\/fr\/wp-json\/wp\/v2\/types\/post"}],"author":[{"embeddable":true,"href":"https:\/\/www.europesays.com\/fr\/wp-json\/wp\/v2\/users\/2"}],"replies":[{"embeddable":true,"href":"https:\/\/www.europesays.com\/fr\/wp-json\/wp\/v2\/comments?post=489105"}],"version-history":[{"count":0,"href":"https:\/\/www.europesays.com\/fr\/wp-json\/wp\/v2\/posts\/489105\/revisions"}],"wp:featuredmedia":[{"embeddable":true,"href":"https:\/\/www.europesays.com\/fr\/wp-json\/wp\/v2\/media\/489106"}],"wp:attachment":[{"href":"https:\/\/www.europesays.com\/fr\/wp-json\/wp\/v2\/media?parent=489105"}],"wp:term":[{"taxonomy":"category","embeddable":true,"href":"https:\/\/www.europesays.com\/fr\/wp-json\/wp\/v2\/categories?post=489105"},{"taxonomy":"post_tag","embeddable":true,"href":"https:\/\/www.europesays.com\/fr\/wp-json\/wp\/v2\/tags?post=489105"}],"curies":[{"name":"wp","href":"https:\/\/api.w.org\/{rel}","templated":true}]}}