{"id":489115,"date":"2025-10-25T13:26:25","date_gmt":"2025-10-25T13:26:25","guid":{"rendered":"https:\/\/www.europesays.com\/fr\/489115\/"},"modified":"2025-10-25T13:26:25","modified_gmt":"2025-10-25T13:26:25","slug":"a-moins-de-deux-heures-de-lille-cette-ville-de-belgique-a-la-frontiere-la-plus-bizarre-du-monde","status":"publish","type":"post","link":"https:\/\/www.europesays.com\/fr\/489115\/","title":{"rendered":"\u00c0 moins de deux heures de Lille, cette ville de Belgique a la fronti\u00e8re la plus \u00ab bizarre \u00bb du monde"},"content":{"rendered":"<p>            Par<br \/>\n        <strong><br \/>\n            <a href=\"https:\/\/actu.fr\/auteur\/nicolas-demollien\" title=\"Consulter tous les articles de Nicolas Demollien\" target=\"_blank\" rel=\"noopener\">Nicolas Demollien<\/a><br \/>\n        <\/strong><\/p>\n<p>        Publi\u00e9 le<\/p>\n<p>            25 oct. 2025 \u00e0 6h04<br \/>\n        ; mis \u00e0 jour le 25 oct. 2025 \u00e0 8h34    <\/p>\n<p>C\u2019est une <b>bizarrerie<\/b> qui fait sa sp\u00e9cificit\u00e9. \u00c0 <b>moins de deux heures<\/b> de <a href=\"https:\/\/actu.fr\/hauts-de-france\/lille_59350\" target=\"_blank\" rel=\"noopener\">Lille<\/a> (Nord), une ville de <a href=\"https:\/\/actu.fr\/tag\/belgique\" target=\"_blank\" rel=\"noopener\">Belgique<\/a> peut se targuer d\u2019avoir la <b>fronti\u00e8re internationale la plus \u00e9trange du monde<\/b>. Et comme ce n\u2019est pas la seule chose qui fait son charme, elle vaut vraiment le coup d\u2019\u0153il. Pr\u00e9parez vos affaires, on vous emm\u00e8ne\u2009!<\/p>\n<p>Cette ville \u00e0 deux heures de Lille a la fronti\u00e8re la plus \u00e9trange du monde<\/p>\n<p class=\" wall-content\">Cette ville, c\u2019est <b>Baarle-Hertog-Nassau<\/b>. Elle se situe \u00e0 la fronti\u00e8re entre la Belgique et les <a href=\"https:\/\/actu.fr\/tag\/pays-bas\" target=\"_blank\" rel=\"noopener\">Pays Bas<\/a>. Mais pourquoi cette fronti\u00e8re est-elle si \u00ab\u2009bizarre\u2009\u00bb\u2009? L\u2019office de tourisme local\u2009Visit Brabant\u2009 r\u00e9pond\u2009: \u00ab\u2009C\u2019est peut-\u00eatre le village le plus remarquable du monde\u2009: on y trouve au moins <b>30 morceaux de Belgique et des Pays-Bas qui sont imbriqu\u00e9s les uns dans les autres<\/b>. Sur les 64 enclaves que compte le monde, pr\u00e8s de la moiti\u00e9 se trouve ici\u2009!\u2009\u00bb<\/p>\n<p class=\" wall-content\">Concr\u00e8tement, on n\u2019y trouve donc pas une fronti\u00e8re classique entre deux pays, souvent toute droite. \u00ab\u2009La fronti\u00e8re <b>traverse des routes, des jardins et des maisons<\/b>. Il y a m\u00eame une maison dont le num\u00e9ro est \u00e0 la fois n\u00e9erlandais et belge\u2009\u00bb, encha\u00eene encore l\u2019office de tourisme.<\/p>\n<p class=\" wall-content\">C\u2019est la porte de la maison qui d\u00e9finit le pays dans laquelle la maison se trouve. On raconte ainsi que certains habitants ont d\u00e9plac\u00e9 leur porte d\u2019entr\u00e9e pour changer de pays afin de profiter de taxes ou r\u00e8gles plus avantageuses d\u2019un pays \u00e0 l\u2019autre.<\/p>\n<p class=\" wall-content\">\n<p class=\" wall-content\">Vous l\u2019aurez compris, <b>ce village va vous faire voyager d\u2019un pas \u00e0 l\u2019autre<\/b>\u2009: on peut y prendre un caf\u00e9 dans un pays et aller aux toilettes dans un autre sans changer d\u2019\u00e9tablissement\u2009!<\/p>\n<p class=\" wall-content\">Cette fronti\u00e8re, jug\u00e9e absurde par certains, est le <b>fruit de l\u2019\u00e9poque f\u00e9odale<\/b>\u00a0et d\u2019accords du XIII\u1d49 si\u00e8cle avec des terres\u00a0appartenant alors au duc de Brabant (futur territoire belge) et d\u2019autres au seigneur de Breda (futur territoire n\u00e9erlandais). Quand la Belgique est devenue ind\u00e9pendante en 1830, ces vieilles fronti\u00e8res locales ont \u00e9t\u00e9 maintenues au lieu d\u2019\u00eatre redessin\u00e9es.<\/p>\n<p>Votre r\u00e9gion, votre actu !<\/p>\n<p>Recevez chaque jour les infos qui comptent pour vous.<\/p>\n<p>\t<a href=\"https:\/\/actu.fr\/newsletter\" class=\"ac-btn ac-btn--corner ac-btn--medium ac-btn--blue800\" target=\"_blank\" rel=\"noopener\">S&rsquo;incrire<\/a><br \/>\nQue peut-on visiter sur place\u2009?<\/p>\n<p class=\" wall-content\">Au-del\u00e0 de cette sp\u00e9cificit\u00e9, la ville a d\u2019autres arguments pour y passer un joli moment. \u00c0 commencer par <b data-end=\"703\">le centre-ville o\u00f9 vous pourrez vous amuser \u00e0<\/b> rep\u00e9rer les fameuses <b data-end=\"760\">lignes de fronti\u00e8re au sol<\/b>. Observez \u00e9galement les <b data-end=\"902\">num\u00e9ros de maison cod\u00e9s pour vous y retrouver\u2009:<\/b> B correspond \u00e0 la Belgique, N aux Pays-Bas.<\/p>\n<p class=\" wall-content\">Des visites guid\u00e9es sont \u00e9galement organis\u00e9es sur place, permettant de vous faire d\u00e9couvrir des lieux historiques et culturels.<\/p>\n<p class=\" wall-content\">Si vous pr\u00e9f\u00e9rez vous promener seul, suivez l\u2019<b>itin\u00e9raire Enclave Experience<\/b>, qui passe devant <b>douze panneaux d\u2019enclave<\/b> au centre du village et s\u2019\u00e9tend <b>sur sept kilom\u00e8tres<\/b>. \u00ab\u2009Il est amusant \u00e0 suivre, que ce soit \u00e0 pied ou \u00e0 v\u00e9lo\u2009!\u2009\u00bb, assure l\u2019office de tourisme.<\/p>\n<p class=\" wall-content\">Plus d\u2019infos sur le site : <a href=\"https:\/\/www.visitbrabant.com\/fr\/emplacements\/1472222069\/village-enclave-de-baarle-hertog-nassau\" target=\"_blank\" rel=\"noopener\">visitbrabant.com<\/a>.<\/p>\n<p class=\" wall-content\">Personnalisez votre actualit\u00e9 en ajoutant vos villes et m\u00e9dias en favori avec <a href=\"https:\/\/moncompte.actu.fr\" title=\"D\u00e9couvez Mon Actu\" rel=\"nofollow noopener\" data-trk=\"{&quot;cta&quot;:{&quot;action&quot;:&quot;https:\\\/\\\/moncompte.actu.fr&quot;,&quot;category&quot;:&quot;mon compte&quot;,&quot;from&quot;:&quot;article footer&quot;,&quot;name&quot;:&quot;Mon actu&quot;,&quot;type&quot;:&quot;cta&quot;}}\" target=\"_blank\">Mon Actu<\/a>.<\/p>\n","protected":false},"excerpt":{"rendered":"Par Nicolas Demollien Publi\u00e9 le 25 oct. 2025 \u00e0 6h04 ; mis \u00e0 jour le 25 oct. 2025&hellip;\n","protected":false},"author":2,"featured_media":489116,"comment_status":"","ping_status":"","sticky":false,"template":"","format":"standard","meta":{"footnotes":""},"categories":[2815],"tags":[1111,11,828,1777,674,1011,27,811,1307,1652,12,2551,934,25],"class_list":{"0":"post-489115","1":"post","2":"type-post","3":"status-publish","4":"format-standard","5":"has-post-thumbnail","7":"category-lille","8":"tag-actu","9":"tag-actualites","10":"tag-belgique","11":"tag-eu","12":"tag-europe","13":"tag-fr","14":"tag-france","15":"tag-hauts-de-france","16":"tag-lille","17":"tag-loisirs-culture","18":"tag-news","19":"tag-patrimoine","20":"tag-pays-bas","21":"tag-republique-francaise"},"share_on_mastodon":{"url":"https:\/\/pubeurope.com\/@fr\/115435037244856316","error":""},"_links":{"self":[{"href":"https:\/\/www.europesays.com\/fr\/wp-json\/wp\/v2\/posts\/489115","targetHints":{"allow":["GET"]}}],"collection":[{"href":"https:\/\/www.europesays.com\/fr\/wp-json\/wp\/v2\/posts"}],"about":[{"href":"https:\/\/www.europesays.com\/fr\/wp-json\/wp\/v2\/types\/post"}],"author":[{"embeddable":true,"href":"https:\/\/www.europesays.com\/fr\/wp-json\/wp\/v2\/users\/2"}],"replies":[{"embeddable":true,"href":"https:\/\/www.europesays.com\/fr\/wp-json\/wp\/v2\/comments?post=489115"}],"version-history":[{"count":0,"href":"https:\/\/www.europesays.com\/fr\/wp-json\/wp\/v2\/posts\/489115\/revisions"}],"wp:featuredmedia":[{"embeddable":true,"href":"https:\/\/www.europesays.com\/fr\/wp-json\/wp\/v2\/media\/489116"}],"wp:attachment":[{"href":"https:\/\/www.europesays.com\/fr\/wp-json\/wp\/v2\/media?parent=489115"}],"wp:term":[{"taxonomy":"category","embeddable":true,"href":"https:\/\/www.europesays.com\/fr\/wp-json\/wp\/v2\/categories?post=489115"},{"taxonomy":"post_tag","embeddable":true,"href":"https:\/\/www.europesays.com\/fr\/wp-json\/wp\/v2\/tags?post=489115"}],"curies":[{"name":"wp","href":"https:\/\/api.w.org\/{rel}","templated":true}]}}