{"id":489117,"date":"2025-10-25T13:27:11","date_gmt":"2025-10-25T13:27:11","guid":{"rendered":"https:\/\/www.europesays.com\/fr\/489117\/"},"modified":"2025-10-25T13:27:11","modified_gmt":"2025-10-25T13:27:11","slug":"lille-le-corps-dune-femme-retrouve-dans-la-deule-la-these-de-laccident-privilegiee","status":"publish","type":"post","link":"https:\/\/www.europesays.com\/fr\/489117\/","title":{"rendered":"Lille\u00a0: le corps d\u2019une femme retrouv\u00e9 dans la De\u00fble, la th\u00e8se de l\u2019accident privil\u00e9gi\u00e9e"},"content":{"rendered":"<p class=\"paragraph text_align_left lp-f-body-02\">L\u2019enqu\u00eate devra \u00e9claircir les circonstances du drame. Le corps d\u2019une femme a \u00e9t\u00e9 retrouv\u00e9, vendredi soir, dans la De\u00fble, en plein centre-ville de Lille (Nord), rapporte Ici <a href=\"https:\/\/www.francebleu.fr\/infos\/faits-divers-justice\/le-corps-d-une-femme-decouvert-dans-la-deule-a-lille-5642513\" target=\"_blank\" rel=\"noreferrer nofollow noopener\">sur son site Internet<\/a>. Information pour laquelle Le Parisien a eu confirmation.<\/p>\n<p class=\"paragraph text_align_left lp-f-body-02\">Selon la radio locale, les forces de l\u2019ordre et secours ont \u00e9t\u00e9 pr\u00e9venus vers 19h30. Le corps a pu \u00eatre sorti de l\u2019eau vers 22 heures. Selon nos informations, la victime \u00e9tait \u00e2g\u00e9e de 31 ans. Elle n\u2019avait pas donn\u00e9 de nouvelles depuis la veille.<\/p>\n<p class=\"paragraph text_align_left lp-f-body-02\">Une enqu\u00eate a \u00e9t\u00e9 ouverte afin de d\u00e9terminer les circonstances de la mort de la victime, pr\u00e9cise la radio locale. Selon une source polici\u00e8re au Parisien, la th\u00e8se de l\u2019accident est privil\u00e9gi\u00e9e.<\/p>\n","protected":false},"excerpt":{"rendered":"L\u2019enqu\u00eate devra \u00e9claircir les circonstances du drame. Le corps d\u2019une femme a \u00e9t\u00e9 retrouv\u00e9, vendredi soir, dans la&hellip;\n","protected":false},"author":2,"featured_media":489118,"comment_status":"","ping_status":"","sticky":false,"template":"","format":"standard","meta":{"footnotes":""},"categories":[2815],"tags":[1111,11,459,1777,674,118,1011,27,811,1307,12,25],"class_list":{"0":"post-489117","1":"post","2":"type-post","3":"status-publish","4":"format-standard","5":"has-post-thumbnail","7":"category-lille","8":"tag-actu","9":"tag-actualites","10":"tag-departements-horsidfo","11":"tag-eu","12":"tag-europe","13":"tag-faits-divers","14":"tag-fr","15":"tag-france","16":"tag-hauts-de-france","17":"tag-lille","18":"tag-news","19":"tag-republique-francaise"},"share_on_mastodon":{"url":"https:\/\/pubeurope.com\/@fr\/115435041678151377","error":""},"_links":{"self":[{"href":"https:\/\/www.europesays.com\/fr\/wp-json\/wp\/v2\/posts\/489117","targetHints":{"allow":["GET"]}}],"collection":[{"href":"https:\/\/www.europesays.com\/fr\/wp-json\/wp\/v2\/posts"}],"about":[{"href":"https:\/\/www.europesays.com\/fr\/wp-json\/wp\/v2\/types\/post"}],"author":[{"embeddable":true,"href":"https:\/\/www.europesays.com\/fr\/wp-json\/wp\/v2\/users\/2"}],"replies":[{"embeddable":true,"href":"https:\/\/www.europesays.com\/fr\/wp-json\/wp\/v2\/comments?post=489117"}],"version-history":[{"count":0,"href":"https:\/\/www.europesays.com\/fr\/wp-json\/wp\/v2\/posts\/489117\/revisions"}],"wp:featuredmedia":[{"embeddable":true,"href":"https:\/\/www.europesays.com\/fr\/wp-json\/wp\/v2\/media\/489118"}],"wp:attachment":[{"href":"https:\/\/www.europesays.com\/fr\/wp-json\/wp\/v2\/media?parent=489117"}],"wp:term":[{"taxonomy":"category","embeddable":true,"href":"https:\/\/www.europesays.com\/fr\/wp-json\/wp\/v2\/categories?post=489117"},{"taxonomy":"post_tag","embeddable":true,"href":"https:\/\/www.europesays.com\/fr\/wp-json\/wp\/v2\/tags?post=489117"}],"curies":[{"name":"wp","href":"https:\/\/api.w.org\/{rel}","templated":true}]}}