{"id":489119,"date":"2025-10-25T13:28:11","date_gmt":"2025-10-25T13:28:11","guid":{"rendered":"https:\/\/www.europesays.com\/fr\/489119\/"},"modified":"2025-10-25T13:28:11","modified_gmt":"2025-10-25T13:28:11","slug":"a-lhopital-europeen-a-marseille-cardiologues-et-radiologues-travaillent-cote-a-cote","status":"publish","type":"post","link":"https:\/\/www.europesays.com\/fr\/489119\/","title":{"rendered":"\u00e0 l&rsquo;H\u00f4pital europ\u00e9en \u00e0 Marseille, cardiologues et radiologues travaillent c\u00f4te \u00e0 c\u00f4te"},"content":{"rendered":"<p>En ce mercredi matin de septembre, plusieurs patients se succ\u00e8dent dans les cinq salles du <a href=\"https:\/\/www.laprovence.com\/article\/region\/5394141440534214\/sur-un-hopital-tout-prend-denormes-proportions-cet-ete-decouvrez-le-bloc-operatoire-le-coeur-de-lhopital-daix\" target=\"_blank\" rel=\"noopener\">bloc op\u00e9ratoire<\/a> de coronarographie et radiographie interventionnelle de l&rsquo;H\u00f4pital europ\u00e9en.<\/p>\n<p>Deux patients sont endormis pour subir une coronarographie (une visualisation des art\u00e8res coronaires) et, dans un bloc plus \u00e9loign\u00e9, un patient vient de subir une biopsie particuli\u00e8rement d\u00e9licate sur son foie.\u00a0<\/p>\n<p>Un int\u00e9r\u00eat \u00e9norme pour le patient<\/p>\n<p>Chacune des cinq salles de bloc donnent en \u00e9toile sur une longue salle de contr\u00f4le o\u00f9 une partie des \u00e9quipes, <a href=\"https:\/\/www.laprovence.com\/sante\" target=\"_blank\" rel=\"noopener\">des m\u00e9decins<\/a>, des manipulateurs radio et des infirmiers travaillent ensemble pour surveiller les interventions et les constantes des patients dans un calme complet.<\/p>\n<p>Ce projet de <a href=\"https:\/\/www.laprovence.com\/article\/hub-sante\/6624434\/lhopital-europeen-sequipe-dun-scanner-interventionnel.html\" target=\"_blank\" rel=\"noopener\">bloc op\u00e9ratoire<\/a> qui a vu le jour en mai 2025 m\u00eale plusieurs sp\u00e9cialit\u00e9s de la chirurgie et de la radiologie est une premi\u00e8re dans la r\u00e9gion, et \u00ab\u00a0peut-\u00eatre m\u00eame en France\u00a0\u00bb, avance le Dr Lionel Benhamou, pr\u00e9sident de la commission m\u00e9dicale de l&rsquo;h\u00f4pital.<\/p>\n<p>Alors que les salles de coronarographie devaient \u00eatre chang\u00e9es apr\u00e8s une d\u00e9cennie d&rsquo;utilisation, \u00ab\u00a0nous avons d\u00e9cid\u00e9 de mutualiser les moyens humains et mat\u00e9riels\u00a0\u00bb, explique Cyril de Cazalet, pr\u00e9sident de l&rsquo;H\u00f4pital europ\u00e9en. D&rsquo;autant p&#8230;<\/p>\n","protected":false},"excerpt":{"rendered":"En ce mercredi matin de septembre, plusieurs patients se succ\u00e8dent dans les cinq salles du bloc op\u00e9ratoire de&hellip;\n","protected":false},"author":2,"featured_media":489120,"comment_status":"","ping_status":"","sticky":false,"template":"","format":"standard","meta":{"footnotes":""},"categories":[2814],"tags":[17,1111,11,61208,1777,674,13378,1011,27,7419,884,12,882,25,23172,71,96,24994],"class_list":{"0":"post-489119","1":"post","2":"type-post","3":"status-publish","4":"format-standard","5":"has-post-thumbnail","7":"category-marseille","8":"tag-17","9":"tag-actu","10":"tag-actualites","11":"tag-cardiologues","12":"tag-eu","13":"tag-europe","14":"tag-europeen","15":"tag-fr","16":"tag-france","17":"tag-lhopital","18":"tag-marseille","19":"tag-news","20":"tag-provence-alpes-cote-dazur","21":"tag-republique-francaise","22":"tag-revolution","23":"tag-sante","24":"tag-une","25":"tag-vraie"},"share_on_mastodon":{"url":"https:\/\/pubeurope.com\/@fr\/115435045251011572","error":""},"_links":{"self":[{"href":"https:\/\/www.europesays.com\/fr\/wp-json\/wp\/v2\/posts\/489119","targetHints":{"allow":["GET"]}}],"collection":[{"href":"https:\/\/www.europesays.com\/fr\/wp-json\/wp\/v2\/posts"}],"about":[{"href":"https:\/\/www.europesays.com\/fr\/wp-json\/wp\/v2\/types\/post"}],"author":[{"embeddable":true,"href":"https:\/\/www.europesays.com\/fr\/wp-json\/wp\/v2\/users\/2"}],"replies":[{"embeddable":true,"href":"https:\/\/www.europesays.com\/fr\/wp-json\/wp\/v2\/comments?post=489119"}],"version-history":[{"count":0,"href":"https:\/\/www.europesays.com\/fr\/wp-json\/wp\/v2\/posts\/489119\/revisions"}],"wp:featuredmedia":[{"embeddable":true,"href":"https:\/\/www.europesays.com\/fr\/wp-json\/wp\/v2\/media\/489120"}],"wp:attachment":[{"href":"https:\/\/www.europesays.com\/fr\/wp-json\/wp\/v2\/media?parent=489119"}],"wp:term":[{"taxonomy":"category","embeddable":true,"href":"https:\/\/www.europesays.com\/fr\/wp-json\/wp\/v2\/categories?post=489119"},{"taxonomy":"post_tag","embeddable":true,"href":"https:\/\/www.europesays.com\/fr\/wp-json\/wp\/v2\/tags?post=489119"}],"curies":[{"name":"wp","href":"https:\/\/api.w.org\/{rel}","templated":true}]}}