{"id":489122,"date":"2025-10-25T13:30:15","date_gmt":"2025-10-25T13:30:15","guid":{"rendered":"https:\/\/www.europesays.com\/fr\/489122\/"},"modified":"2025-10-25T13:30:15","modified_gmt":"2025-10-25T13:30:15","slug":"piege-par-le-dispositif-de-securite-le-cambrioleur-se-perd-dans-le-magasin","status":"publish","type":"post","link":"https:\/\/www.europesays.com\/fr\/489122\/","title":{"rendered":"pi\u00e9g\u00e9 par le dispositif de s\u00e9curit\u00e9, le cambrioleur se perd dans le magasin"},"content":{"rendered":"<p itemprop=\"description\"><strong>La sc\u00e8ne s\u2019est d\u00e9roul\u00e9e dans la nuit du 30 septembre \u00e0\u00a0Saint-Romain-au-Mont-d\u2019Or, au nord de Lyon.<\/strong><\/p>\n<p>En pleine nuit, les gendarmes de\u00a0Limonest\u00a0et du\u00a0PSIG de Sathonay\u00a0sont sollicit\u00e9s pour un\u00a0cambriolage en cours\u00a0dans un magasin alimentaire du village.<\/p>\n<p>\u00c0 leur arriv\u00e9e, ils constatent\u00a0une \u00e9paisse fum\u00e9e s\u2019\u00e9chappant du toit\u00a0du b\u00e2timent. Les militaires escaladent rapidement la structure et d\u00e9couvrent\u00a0un trou pratiqu\u00e9 dans la toiture.<br \/>Mais la fum\u00e9e ne provenait pas d\u2019un incendie :\u00a0il s\u2019agissait du dispositif d\u2019alarme \u00e0 enfumage, con\u00e7u pour d\u00e9sorienter les intrus.<\/p>\n<p>Arriv\u00e9e sur place, le propri\u00e9taire du magasin ouvre les portes. Malgr\u00e9 la visibilit\u00e9 quasi nulle,\u00a0les gendarmes fouillent les lieux et d\u00e9couvrent un individu cach\u00e9 dans la r\u00e9serve.\u00a0\u00ab\u00a0Il \u00e9tait perdu gr\u00e2ce au syst\u00e8me d\u2019enfumage\u00a0\u00bb, d\u00e9clarent les gendarmes.\u00a0<\/p>\n<p>L\u2019homme a \u00e9t\u00e9\u00a0plac\u00e9 en garde \u00e0 vue, puis\u00a0d\u00e9f\u00e9r\u00e9 devant le tribunal judiciaire de Lyon\u00a0dans le cadre d\u2019une\u00a0comparution imm\u00e9diate. Il a \u00e9t\u00e9\u00a0condamn\u00e9 \u00e0 douze mois de prison ferme.<\/p>\n<p>Les militaires saluent une op\u00e9ration rondement men\u00e9e :\u00a0\u00ab\u00a0Gr\u00e2ce \u00e0 la r\u00e9activit\u00e9 et \u00e0 la compl\u00e9mentarit\u00e9 des diff\u00e9rentes patrouilles, l\u2019auteur des faits a pu \u00eatre interpell\u00e9 dans le temps de la flagrance\u00a0\u00bb.<\/p>\n","protected":false},"excerpt":{"rendered":"La sc\u00e8ne s\u2019est d\u00e9roul\u00e9e dans la nuit du 30 septembre \u00e0\u00a0Saint-Romain-au-Mont-d\u2019Or, au nord de Lyon. En pleine nuit,&hellip;\n","protected":false},"author":2,"featured_media":489123,"comment_status":"","ping_status":"","sticky":false,"template":"","format":"standard","meta":{"footnotes":""},"categories":[1889],"tags":[1111,11,2813,2190,2430,1109,251,1112,2811,1777,674,118,1011,27,1922,1110,1114,2428,2810,12,241,316,25,2812,517,800],"class_list":{"0":"post-489122","1":"post","2":"type-post","3":"status-publish","4":"format-standard","5":"has-post-thumbnail","7":"category-lyon","8":"tag-actu","9":"tag-actualites","10":"tag-article","11":"tag-asvel","12":"tag-auvergne-rhone-alpes","13":"tag-breves","14":"tag-culture","15":"tag-depeches","16":"tag-economique","17":"tag-eu","18":"tag-europe","19":"tag-faits-divers","20":"tag-fr","21":"tag-france","22":"tag-info","23":"tag-informations","24":"tag-infos","25":"tag-lyon","26":"tag-lyonmag","27":"tag-news","28":"tag-ol","29":"tag-politique","30":"tag-republique-francaise","31":"tag-sociale","32":"tag-sport","33":"tag-transports"},"share_on_mastodon":{"url":"https:\/\/pubeurope.com\/@fr\/115435053040180679","error":""},"_links":{"self":[{"href":"https:\/\/www.europesays.com\/fr\/wp-json\/wp\/v2\/posts\/489122","targetHints":{"allow":["GET"]}}],"collection":[{"href":"https:\/\/www.europesays.com\/fr\/wp-json\/wp\/v2\/posts"}],"about":[{"href":"https:\/\/www.europesays.com\/fr\/wp-json\/wp\/v2\/types\/post"}],"author":[{"embeddable":true,"href":"https:\/\/www.europesays.com\/fr\/wp-json\/wp\/v2\/users\/2"}],"replies":[{"embeddable":true,"href":"https:\/\/www.europesays.com\/fr\/wp-json\/wp\/v2\/comments?post=489122"}],"version-history":[{"count":0,"href":"https:\/\/www.europesays.com\/fr\/wp-json\/wp\/v2\/posts\/489122\/revisions"}],"wp:featuredmedia":[{"embeddable":true,"href":"https:\/\/www.europesays.com\/fr\/wp-json\/wp\/v2\/media\/489123"}],"wp:attachment":[{"href":"https:\/\/www.europesays.com\/fr\/wp-json\/wp\/v2\/media?parent=489122"}],"wp:term":[{"taxonomy":"category","embeddable":true,"href":"https:\/\/www.europesays.com\/fr\/wp-json\/wp\/v2\/categories?post=489122"},{"taxonomy":"post_tag","embeddable":true,"href":"https:\/\/www.europesays.com\/fr\/wp-json\/wp\/v2\/tags?post=489122"}],"curies":[{"name":"wp","href":"https:\/\/api.w.org\/{rel}","templated":true}]}}