{"id":489126,"date":"2025-10-25T13:33:13","date_gmt":"2025-10-25T13:33:13","guid":{"rendered":"https:\/\/www.europesays.com\/fr\/489126\/"},"modified":"2025-10-25T13:33:13","modified_gmt":"2025-10-25T13:33:13","slug":"le-plus-grand-marche-de-noel-dile-de-france-demarre-avant-tout-le-monde","status":"publish","type":"post","link":"https:\/\/www.europesays.com\/fr\/489126\/","title":{"rendered":"le plus grand march\u00e9 de No\u00ebl d&rsquo;\u00cele-de-France d\u00e9marre avant tout le monde"},"content":{"rendered":"<p>\n                Il n&rsquo;est jamais trop t\u00f4t pour c\u00e9l\u00e9brer la magie de No\u00ebl. Et cette ann\u00e9e, les Franciliens pourront profiter d&rsquo;un bon vin chaud avant tous les autres.            <\/p>\n<p>\u00c7a y est, l&rsquo;automne est d\u00e9finitivement l\u00e0. La pluie et la fra\u00eecheur s&rsquo;installent progressivement en France, et avec elles, la fameuse d\u00e9prime hivernale. Mais pas de panique, les amateurs de No\u00ebl et de sa magie vont bient\u00f4t pouvoir se remonter le moral. Eh oui, cette ann\u00e9e, la saison des f\u00eates de fin d&rsquo;ann\u00e9e arrive encore plus t\u00f4t que pr\u00e9vu. Guirlandes, chants, raclettes, vin chaud, petits chalets, patinoires&#8230; Vous l&rsquo;aurez devin\u00e9, les <a href=\"https:\/\/www.journaldesfemmes.fr\/maman\/magazine\/1442196-marches-de-noel\/\" title=\"March\u00e9 de No\u00ebl\" rel=\"nofollow noopener\" target=\"_blank\">march\u00e9s de No\u00ebl<\/a> sont de retour.\u00a0<\/p>\n<p>Pour passer un moment hors du temps en famille, trinquer entre amis,\u00a0fl\u00e2ner en amoureux sous les branches de gui, pour commencer \u00e0 pr\u00e9parer ses cadeaux, ou tout simplement pour se r\u00e9conforter et se r\u00e9chauffer avec une bonne tartiflette, c&rsquo;est le rendez-vous incontournable contre la morosit\u00e9 ambiante de l&rsquo;hiver. Et ce, pour les grands comme pour les petits : car il n&rsquo;y a pas d&rsquo;\u00e2ge pour appr\u00e9cier la f\u00e9\u00e9rie de No\u00ebl !\u00a0Et bonne nouvelle pour les habitants d&rsquo;\u00cele-de-France, ils seront les premiers \u00e0 pouvoir en profiter.<\/p>\n<p><img decoding=\"async\" alt=\"\" src=\"https:\/\/www.europesays.com\/fr\/wp-content\/uploads\/2025\/10\/40051027.jpg\"\/><\/p>\n<p>D\u00e8s le 13 novembre, le c\u00e9l\u00e8bre\u00a0quartier de la D\u00e9fense \u2013 situ\u00e9 dans l&rsquo;ouest parisien \u2013 se transformera en un immense march\u00e9 de No\u00ebl, le plus grand de toute la r\u00e9gion.\u00a0D\u00e9j\u00e0 visit\u00e9 par plus de 1,5 million de personnes l&rsquo;an dernier, l&rsquo;\u00e9dition 2025 s&rsquo;annonce encore plus grandiose : plus de chalets, plus d&rsquo;artisans, plus de sp\u00e9cialit\u00e9s culinaires,\u00a0plus d&rsquo;animations, une plus grande patinoire, deux nouveaux man\u00e8ges, des installations in\u00e9dites et une toute nouvelle sc\u00e9nographie&#8230; De quoi apporter un peu d&rsquo;enchantement dans ce quartier de bureaux, enti\u00e8rement transform\u00e9 pour l&rsquo;occasion. Le\u00a0march\u00e9\u00a0se tiendra pendant plus d&rsquo;un mois et demi, jusqu&rsquo;au 28 d\u00e9cembre.\u00a0<\/p>\n<p>Bien s\u00fbr, les Fran\u00e7ais qui n&rsquo;habitent pas en \u00cele-de-France auront, eux aussi, droit \u00e0 leur part de magie. Si le march\u00e9 de No\u00ebl de la D\u00e9fense ouvre les festivit\u00e9s, les autres r\u00e9gions suivront tr\u00e8s vite. Celui de Strasbourg par exemple, qui est \u00e0 la fois le plus grand de France et le plus r\u00e9put\u00e9, mais aussi le plus ancien\u00a0\u2013 la premi\u00e8re \u00e9dition remonte\u00a0\u00e0 l&rsquo;an 1570 \u2013 ouvrira ses portes \u00e0 partir du 26 novembre. Reims, Lille, Bordeaux, Lyon, Toulouse, Nantes, Grenoble ou encore Caen&#8230; Des centaines de villes accueilleront, comme chaque ann\u00e9e, leur propre march\u00e9 de No\u00ebl \u00e0 travers le pays.\u00a0<\/p>\n","protected":false},"excerpt":{"rendered":"Il n&rsquo;est jamais trop t\u00f4t pour c\u00e9l\u00e9brer la magie de No\u00ebl. Et cette ann\u00e9e, les Franciliens pourront profiter&hellip;\n","protected":false},"author":2,"featured_media":489127,"comment_status":"","ping_status":"","sticky":false,"template":"","format":"standard","meta":{"footnotes":""},"categories":[1592],"tags":[1111,11,61209,51761,1777,674,51763,1011,27,662,51766,1031,12,51767,626,25],"class_list":{"0":"post-489126","1":"post","2":"type-post","3":"status-publish","4":"format-standard","5":"has-post-thumbnail","7":"category-ile-de-france","8":"tag-actu","9":"tag-actualites","10":"tag-cms-journaldesfemmes-3244794","11":"tag-controller-content","12":"tag-eu","13":"tag-europe","14":"tag-format-papier","15":"tag-fr","16":"tag-france","17":"tag-ile-de-france","18":"tag-les-histoires-du-jdf","19":"tag-magazine","20":"tag-news","21":"tag-parallaxeinfeed","22":"tag-paris","23":"tag-republique-francaise"},"share_on_mastodon":{"url":"https:\/\/pubeurope.com\/@fr\/115435065493840523","error":""},"_links":{"self":[{"href":"https:\/\/www.europesays.com\/fr\/wp-json\/wp\/v2\/posts\/489126","targetHints":{"allow":["GET"]}}],"collection":[{"href":"https:\/\/www.europesays.com\/fr\/wp-json\/wp\/v2\/posts"}],"about":[{"href":"https:\/\/www.europesays.com\/fr\/wp-json\/wp\/v2\/types\/post"}],"author":[{"embeddable":true,"href":"https:\/\/www.europesays.com\/fr\/wp-json\/wp\/v2\/users\/2"}],"replies":[{"embeddable":true,"href":"https:\/\/www.europesays.com\/fr\/wp-json\/wp\/v2\/comments?post=489126"}],"version-history":[{"count":0,"href":"https:\/\/www.europesays.com\/fr\/wp-json\/wp\/v2\/posts\/489126\/revisions"}],"wp:featuredmedia":[{"embeddable":true,"href":"https:\/\/www.europesays.com\/fr\/wp-json\/wp\/v2\/media\/489127"}],"wp:attachment":[{"href":"https:\/\/www.europesays.com\/fr\/wp-json\/wp\/v2\/media?parent=489126"}],"wp:term":[{"taxonomy":"category","embeddable":true,"href":"https:\/\/www.europesays.com\/fr\/wp-json\/wp\/v2\/categories?post=489126"},{"taxonomy":"post_tag","embeddable":true,"href":"https:\/\/www.europesays.com\/fr\/wp-json\/wp\/v2\/tags?post=489126"}],"curies":[{"name":"wp","href":"https:\/\/api.w.org\/{rel}","templated":true}]}}