{"id":489134,"date":"2025-10-25T13:37:14","date_gmt":"2025-10-25T13:37:14","guid":{"rendered":"https:\/\/www.europesays.com\/fr\/489134\/"},"modified":"2025-10-25T13:37:14","modified_gmt":"2025-10-25T13:37:14","slug":"video-comment-paris-la-defense-sest-transformee-pour-accueillir-les-meilleurs-joueurs-de-tennis-au-monde","status":"publish","type":"post","link":"https:\/\/www.europesays.com\/fr\/489134\/","title":{"rendered":"VID\u00c9O. Comment Paris La D\u00e9fense s&rsquo;est transform\u00e9e pour accueillir les meilleurs joueurs de tennis au monde"},"content":{"rendered":"<p>            Par<br \/>\n        <strong><br \/>\n            <a href=\"https:\/\/actu.fr\/auteur\/antoine-grotteria02\" title=\"Consulter tous les articles de Antoine Grotteria\" target=\"_blank\" rel=\"noopener\">Antoine Grotteria<\/a><br \/>\n        <\/strong><\/p>\n<p>        Publi\u00e9 le<\/p>\n<p>            25 oct. 2025 \u00e0 15h30        <\/p>\n<p>Il y a deux semaines, <a href=\"https:\/\/actu.fr\/tag\/paris-la-defense-arena\" target=\"_blank\" rel=\"noopener\">Paris La D\u00e9fense Arena<\/a> \u00e9tait secou\u00e9e comme rarement par le concert de Booba. Ce samedi 25 octobre 2025, l\u2019ambiance est bien diff\u00e9rente. Le <strong>tennis<\/strong> repr\u00e9sente la nouvelle sc\u00e8ne de la plus grande enceinte int\u00e9rieure d\u2019Europe. Pour la <strong>premi\u00e8re fois,<\/strong> le <a href=\"https:\/\/actu.fr\/ile-de-france\/nanterre_92050\/des-mordus-de-tennis-et-des-csp-le-rolex-paris-masters-cherche-son-public-a-paris-la-defense-arena_63301297.html\" target=\"_blank\" rel=\"noopener\">Rolex Paris Masters<\/a> ne se d\u00e9roule pas \u00e0 l\u2019<a href=\"https:\/\/actu.fr\/tag\/accor-arena-bercy\" target=\"_blank\" rel=\"noopener\">Accor Arena de Bercy<\/a>, mais \u00e0 Nanterre (Hauts-de-Seine), pr\u00e8s du <a href=\"https:\/\/actu.fr\/tag\/la-defense\" target=\"_blank\" rel=\"noopener\">quartier d\u2019affaires<\/a>. Un \u00e9v\u00e9nement in\u00e9dit qui s\u2019est mat\u00e9rialis\u00e9 par la <strong>transformation<\/strong> express de ce site multi-usages.\u00a0<\/p>\n<p>Un d\u00e9fi logistique<\/p>\n<p class=\" wall-content\">Sur les r\u00e9seaux sociaux, le Rolex Paris Masters a publi\u00e9 une vid\u00e9o en acc\u00e9l\u00e9r\u00e9 du chantier. Ce dernier a commenc\u00e9 le 13 octobre 2025, et a dur\u00e9 neuf jours. Neuf jours durant lesquels il a fallu installer une tribune temporaire sur le court central, dot\u00e9 de <strong>17 500 places<\/strong>, monter les immenses <strong>rideaux occultants<\/strong> culminant \u00e0 pr\u00e8s de 40 m\u00e8tres s\u00e9parant le terrain principal des trois courts annexes. Au total, le tournoi peut accueillir pr\u00e8s de 25 000 personnes en capacit\u00e9 maximale. Des dispositions sup\u00e9rieures \u00e0 celles de l\u2019Accor Arena.\u00a0<\/p>\n<p class=\" wall-content\">\n<p>    <a href=\"https:\/\/www.facebook.com\/plugins\/video.php?height=476&amp;href=https%3A%2F%2Fwww.facebook.com%2Freel%2F2568684810154814%2F&amp;show_text=false&amp;width=350&amp;t=0\" title=\"Ouvrie le lien\" target=\"_blank\" rel=\"noopener\">Cliquez ici pour visualiser le contenu<\/a><\/p>\n<p class=\" wall-content\">Les organisateurs de la F\u00e9d\u00e9ration fran\u00e7aise de tennis esp\u00e8rent ainsi <strong>augmenter les recettes<\/strong>. Lors de la conf\u00e9rence de presse de pr\u00e9sentation, \u00e0 laquelle actu Paris a pu assister, le directeur du tournoi C\u00e9dric Pioline avait d\u00e9clar\u00e9 que le record de <a href=\"https:\/\/actu.fr\/ile-de-france\/nanterre_92050\/rolex-paris-masters-les-billets-s-arrachent-comment-obtenir-les-dernieres-places-du-tournoi-de-tennis_63297257.html\" target=\"_blank\" rel=\"noopener\">billets<\/a> vendus devrait \u00eatre battu. La marque de r\u00e9f\u00e9rence s\u2019\u00e9l\u00e8ve \u00e0 176 000 tickets. Le premier tour du tableau principal d\u00e9butera ce lundi 27 octobre. Il se d\u00e9roula jusqu\u2019au dimanche 2 novembre.\u00a0<\/p>\n<p class=\" wall-content\">Personnalisez votre actualit\u00e9 en ajoutant vos villes et m\u00e9dias en favori avec <a href=\"https:\/\/moncompte.actu.fr\" title=\"D\u00e9couvez Mon Actu\" rel=\"nofollow noopener\" data-trk=\"{&quot;cta&quot;:{&quot;action&quot;:&quot;https:\\\/\\\/moncompte.actu.fr&quot;,&quot;category&quot;:&quot;mon compte&quot;,&quot;from&quot;:&quot;article footer&quot;,&quot;name&quot;:&quot;Mon actu&quot;,&quot;type&quot;:&quot;cta&quot;}}\" target=\"_blank\">Mon Actu<\/a>.<\/p>\n","protected":false},"excerpt":{"rendered":"Par Antoine Grotteria Publi\u00e9 le 25 oct. 2025 \u00e0 15h30 Il y a deux semaines, Paris La D\u00e9fense&hellip;\n","protected":false},"author":2,"featured_media":489135,"comment_status":"","ping_status":"","sticky":false,"template":"","format":"standard","meta":{"footnotes":""},"categories":[1888],"tags":[11,1777,674,1011,27,12,626,25137,25,60,1467],"class_list":{"0":"post-489134","1":"post","2":"type-post","3":"status-publish","4":"format-standard","5":"has-post-thumbnail","7":"category-paris","8":"tag-actualites","9":"tag-eu","10":"tag-europe","11":"tag-fr","12":"tag-france","13":"tag-news","14":"tag-paris","15":"tag-paris-la-defense-arena","16":"tag-republique-francaise","17":"tag-sports","18":"tag-tennis"},"share_on_mastodon":{"url":"https:\/\/pubeurope.com\/@fr\/115435080501453623","error":""},"_links":{"self":[{"href":"https:\/\/www.europesays.com\/fr\/wp-json\/wp\/v2\/posts\/489134","targetHints":{"allow":["GET"]}}],"collection":[{"href":"https:\/\/www.europesays.com\/fr\/wp-json\/wp\/v2\/posts"}],"about":[{"href":"https:\/\/www.europesays.com\/fr\/wp-json\/wp\/v2\/types\/post"}],"author":[{"embeddable":true,"href":"https:\/\/www.europesays.com\/fr\/wp-json\/wp\/v2\/users\/2"}],"replies":[{"embeddable":true,"href":"https:\/\/www.europesays.com\/fr\/wp-json\/wp\/v2\/comments?post=489134"}],"version-history":[{"count":0,"href":"https:\/\/www.europesays.com\/fr\/wp-json\/wp\/v2\/posts\/489134\/revisions"}],"wp:featuredmedia":[{"embeddable":true,"href":"https:\/\/www.europesays.com\/fr\/wp-json\/wp\/v2\/media\/489135"}],"wp:attachment":[{"href":"https:\/\/www.europesays.com\/fr\/wp-json\/wp\/v2\/media?parent=489134"}],"wp:term":[{"taxonomy":"category","embeddable":true,"href":"https:\/\/www.europesays.com\/fr\/wp-json\/wp\/v2\/categories?post=489134"},{"taxonomy":"post_tag","embeddable":true,"href":"https:\/\/www.europesays.com\/fr\/wp-json\/wp\/v2\/tags?post=489134"}],"curies":[{"name":"wp","href":"https:\/\/api.w.org\/{rel}","templated":true}]}}