{"id":489144,"date":"2025-10-25T13:42:12","date_gmt":"2025-10-25T13:42:12","guid":{"rendered":"https:\/\/www.europesays.com\/fr\/489144\/"},"modified":"2025-10-25T13:42:12","modified_gmt":"2025-10-25T13:42:12","slug":"les-tops-et-les-flops-du-match-aller-allemagne-france","status":"publish","type":"post","link":"https:\/\/www.europesays.com\/fr\/489144\/","title":{"rendered":"Les Tops et les Flops du match aller Allemagne-France"},"content":{"rendered":"<p>Ce vendredi, <a href=\"https:\/\/footeuses.com\/largement-dominees-par-lallemagne-les-bleues-perdent-1-0-avant-le-match-retour\/\" rel=\"nofollow noopener\" target=\"_blank\">l\u2019Allemagne recevait la France <\/a>\u00e0 l\u2019occasion de la demi-finale aller de la Ligue des Nations. La rencontre s\u2019est cl\u00f4tur\u00e9e par une victoire allemande (1-0). Revenons sur les Tops et les Flops de la rencontre.<\/p>\n<p><strong>Les TOPS<\/strong> :<\/p>\n<p><strong>Klara B\u00fchl<\/strong> : Tranchante, la joueuse du Bayern Munich a \u00e9t\u00e9 le danger num\u00e9ro un des Bleues ce soir que ce soit en premi\u00e8re ou en deuxi\u00e8me p\u00e9riode. Elle a pos\u00e9 beaucoup de probl\u00e8mes \u00e0 la d\u00e9fense fran\u00e7aise. Une tr\u00e8s bonne prestation qui a \u00e9t\u00e9 r\u00e9compens\u00e9e ! Elle a ouvert le score \u00e0 la 79\u00e8me minute de jeu d\u2019une magnifique frappe en dehors de la surface. L\u2019Allemande a inscrit son 29\u00e8me but en s\u00e9lection.<\/p>\n<p><strong>Stina Johannes<\/strong> : La gardienne allemande, qui ne comptait que 3 s\u00e9lections, a r\u00e9alis\u00e9 une bonne performance. Elle a repouss\u00e9 les assauts fran\u00e7ais en multipliant les arr\u00eats sur des frappes de Katoto ou encore Diani pour \u00e9viter l\u2019ouverture du score.<\/p>\n<p><strong>Sjoeke N\u00fcsken<\/strong> : Beaucoup en vue, notamment en deuxi\u00e8me p\u00e9riode, N\u00fcsken a mis en \u00e9vidence les probl\u00e8mes d\u00e9fensifs fran\u00e7ais. Elle s\u2019est procur\u00e9e plusieurs grosses occasions sans parvenir \u00e0 trouver le chemin des filets (54e, 68e et 70e). Elle a \u00e9t\u00e9 remplac\u00e9 \u00e0 la 79\u00e8me apr\u00e8s l\u2019ouverture du score de sa co\u00e9quipi\u00e8re Klara Buhl .<\/p>\n<p><strong>Kadidiatou Diani <\/strong>: Int\u00e9ressante au niveau des appels en profondeur, elle a r\u00e9alis\u00e9 beaucoup de d\u00e9bordements dans le camp allemand. Elle a p\u00each\u00e9 au niveau de la finition notamment \u00e0 la 72\u00e8me minute o\u00f9 elle devait conclure. Cependant, elle a \u00e9t\u00e9 l\u2019une des meilleures Fran\u00e7aises sur le terrain.<\/p>\n<p><strong>Marie-Antoinette Katoto<\/strong> : Un bon match de la Lyonnaise. Elle a \u00e9t\u00e9 trouv\u00e9e plusieurs fois sans pour autant parvenir \u00e0 marquer. Elle avait inscrit un magnifique but sur un enchainement en premi\u00e8re p\u00e9riode mais celui-ci a \u00e9t\u00e9 refus\u00e9 pour un hors-jeu. Elle a \u00e9t\u00e9 remplac\u00e9e \u00e0 la 71\u00e8me minute de jeu par Melvine Malard<\/p>\n<p><strong>Pauline Peyraud-Magnin<\/strong> : Bonne performance de la gardienne des Bleues. Elle a r\u00e9alis\u00e9 beaucoup d\u2019arr\u00eats avant de conc\u00e9der un but \u00e0 la 79e. Elle a encaiss\u00e9 son but apr\u00e8s la 16\u00e8me tentative allemande. Malheureusement, la d\u00e9fense fran\u00e7aise n\u2019\u00e9tait pas au rendez-vous.<\/p>\n<p><strong>Melvine Malard<\/strong> : Bonne entr\u00e9e en jeu. Elle a failli donner raison \u00e0 Laurent Bonadei en ayant eu une occasion juste apr\u00e8s son entr\u00e9e en jeu. Malheureusement, son tir passe juste \u00e0 c\u00f4t\u00e9 de la cage allemande. N\u00e9anmoins, elle a r\u00e9ussi \u00e0 r\u00e9cup\u00e9rer des bons ballons.<\/p>\n<p><strong>Les Flops <\/strong><\/p>\n<p><strong>Grace Geyoro<\/strong> : La capitaine des Bleues a \u00e9t\u00e9 inexistante durant toute la rencontre. Associ\u00e9e \u00e0 Sandy Baltimore et Oriane Jean-Fran\u00e7ois, le d\u00e9but de match a \u00e9t\u00e9 tr\u00e8s compliqu\u00e9 pour l\u2019entrejeu fran\u00e7ais. On l\u2019a connu dans de meilleurs jours.<\/p>\n<p><strong>Sandy Baltimore <\/strong>: Une performance d\u00e9cevante. La joueuse de Chelsea a \u00e9t\u00e9 absente dans l\u2019entrejeu bien qu\u2019elle se soit montr\u00e9e un peu plus en deuxi\u00e8me mi-temps. Elle a \u00e9t\u00e9 remplac\u00e9 (71e) par Clara Mateo.<\/p>\n<p><strong>Maelle Lakrar<\/strong> : Une performance m\u00e9diocre. La Madril\u00e8ne a souvent \u00e9t\u00e9 mise en difficult\u00e9 par Karla Buhl en grande forme.<\/p>\n<p><strong>Selma Bacha<\/strong> : Une premi\u00e8re p\u00e9riode \u00e0 c\u00f4t\u00e9 de la plaque. Selma Bacha laisse beaucoup d\u2019espaces et se fait souvent avoir. Son positionnement \u00e0 certains moments laissait \u00e0 d\u00e9sirer. En deuxi\u00e8me mi-temps, elle s\u2019est r\u00e9veill\u00e9e et a montr\u00e9 ce qu\u2019elle savait faire avec quelques mont\u00e9es sur le c\u00f4t\u00e9 gauche. Puis elle a effectu\u00e9 un sauvetage \u00e0 la 87e \u00e9vitant un \u00e9cart cons\u00e9quent pour l\u2019Allemagne avant le match retour.<\/p>\n<p class=\"has-text-align-right\">Mathis Dijoux<\/p>\n<p class=\"has-text-align-right\">Photo \u00a9 Footeuses<\/p>\n","protected":false},"excerpt":{"rendered":"Ce vendredi, l\u2019Allemagne recevait la France \u00e0 l\u2019occasion de la demi-finale aller de la Ligue des Nations. La&hellip;\n","protected":false},"author":2,"featured_media":489145,"comment_status":"","ping_status":"","sticky":false,"template":"","format":"standard","meta":{"footnotes":""},"categories":[1587],"tags":[11,672,1804,1805,1803,1777,674,1801,12,1802],"class_list":{"0":"post-489144","1":"post","2":"type-post","3":"status-publish","4":"format-standard","5":"has-post-thumbnail","7":"category-allemagne","8":"tag-actualites","9":"tag-allemagne","10":"tag-bundesrepublik-deutschland","11":"tag-de","12":"tag-deutschland","13":"tag-eu","14":"tag-europe","15":"tag-germany","16":"tag-news","17":"tag-republique-federale-dallemagne"},"share_on_mastodon":{"url":"https:\/\/pubeurope.com\/@fr\/115435100225679718","error":""},"_links":{"self":[{"href":"https:\/\/www.europesays.com\/fr\/wp-json\/wp\/v2\/posts\/489144","targetHints":{"allow":["GET"]}}],"collection":[{"href":"https:\/\/www.europesays.com\/fr\/wp-json\/wp\/v2\/posts"}],"about":[{"href":"https:\/\/www.europesays.com\/fr\/wp-json\/wp\/v2\/types\/post"}],"author":[{"embeddable":true,"href":"https:\/\/www.europesays.com\/fr\/wp-json\/wp\/v2\/users\/2"}],"replies":[{"embeddable":true,"href":"https:\/\/www.europesays.com\/fr\/wp-json\/wp\/v2\/comments?post=489144"}],"version-history":[{"count":0,"href":"https:\/\/www.europesays.com\/fr\/wp-json\/wp\/v2\/posts\/489144\/revisions"}],"wp:featuredmedia":[{"embeddable":true,"href":"https:\/\/www.europesays.com\/fr\/wp-json\/wp\/v2\/media\/489145"}],"wp:attachment":[{"href":"https:\/\/www.europesays.com\/fr\/wp-json\/wp\/v2\/media?parent=489144"}],"wp:term":[{"taxonomy":"category","embeddable":true,"href":"https:\/\/www.europesays.com\/fr\/wp-json\/wp\/v2\/categories?post=489144"},{"taxonomy":"post_tag","embeddable":true,"href":"https:\/\/www.europesays.com\/fr\/wp-json\/wp\/v2\/tags?post=489144"}],"curies":[{"name":"wp","href":"https:\/\/api.w.org\/{rel}","templated":true}]}}