{"id":489163,"date":"2025-10-25T13:57:12","date_gmt":"2025-10-25T13:57:12","guid":{"rendered":"https:\/\/www.europesays.com\/fr\/489163\/"},"modified":"2025-10-25T13:57:12","modified_gmt":"2025-10-25T13:57:12","slug":"kim-kardashian-bientot-avocate-la-star-donne-des-precisions-sur-sa-nouvelle-carriere-professionnelle","status":"publish","type":"post","link":"https:\/\/www.europesays.com\/fr\/489163\/","title":{"rendered":"Kim Kardashian bient\u00f4t avocate : la star donne des pr\u00e9cisions sur sa nouvelle carri\u00e8re professionnelle"},"content":{"rendered":"<p data-start=\"269\" data-end=\"1192\">Kim Kardashian ne fait<br \/>\nd\u00e9cid\u00e9ment rien \u00e0 moiti\u00e9. Apr\u00e8s avoir conquis les plateaux t\u00e9l\u00e9, la<br \/>\nmode et les r\u00e9seaux sociaux, <a href=\"https:\/\/www.closermag.fr\/mode\/kim-kardashian-au-crazy-horse-elle-ose-une-mini-robe-corset-doree-ultra-sexy-et-parvient-meme-a-marcher-avec-video-3588434\" target=\"_blank\" rel=\"noopener\"><br \/>\nla businesswoman de 45 ans<\/a> s\u2019appr\u00eate \u00e0 briller dans un nouveau<br \/>\ndomaine : <strong>le droit<\/strong>. En effet, <a href=\"https:\/\/www.closermag.fr\/people\/cest-un-divorce-pas-un-enlevement-kim-kardashian-atteinte-du-syndrome-de-stockholm-avec-kanye-west-3588782\" target=\"_blank\" rel=\"noopener\"><br \/>\nl&rsquo;ex de Kanye West<\/a> avait annonc\u00e9 en 2019 rejoindre les bancs de<br \/>\nla fac pour <strong>devenir avocate<\/strong>.\u00a0Invit\u00e9e du<br \/>\nGraham Norton Show ce 24<br \/>\noctobre, la star a lev\u00e9 le voile sur l\u2019avanc\u00e9e de <a href=\"https:\/\/www.closermag.fr\/people\/kim-kardashian-bientot-au-tribunal-la-it-girl-veut-devenir-avocate-et-etudie-le-955607\" target=\"_blank\" rel=\"noopener\"><br \/>\nson ambitieux projet<\/a>. \u00ab\u00a0J&rsquo;ai quelques projets en cours : je<br \/>\ntourne <strong>mon premier film<\/strong> en janvier et nous<br \/>\nesp\u00e9rons <strong>une saison 2 de All\u2019s Fair<\/strong>\u00ab\u00a0,<br \/>\na-t-elle confi\u00e9, tr\u00e8s enthousiaste.<\/p>\n<p data-start=\"269\" data-end=\"1192\">Toujours en mouvement, <a href=\"https:\/\/www.closermag.fr\/people\/tellement-inapproprie-kim-kardashian-fait-scandale-en-laissant-sa-fille-north-12-ans-porter-cette-piece-mode-tres-controversee-3573431\" target=\"_blank\" rel=\"noopener\"><br \/>\nla m\u00e8re de famille<\/a> ne s&rsquo;arr\u00eate jamais. \u00ab\u00a0J&rsquo;ai toujours<br \/>\n<strong>envie de grandir, d&rsquo;\u00eatre curieuse<\/strong> et d&rsquo;\u00e9voluer, et<br \/>\nje veux voir o\u00f9 cela me m\u00e8ne.\u00a0\u00bb Et ce chemin, elle l\u2019imagine<br \/>\nd\u00e9sormais\u2026 devant la cour des tribunaux. Avec une s\u00e9r\u00e9nit\u00e9<br \/>\nd\u00e9sarmante, elle a r\u00e9v\u00e9l\u00e9 : \u00ab\u00a0Je serai qualifi\u00e9e dans deux<br \/>\nsemaines. J&rsquo;esp\u00e8re exercer le droit. Peut-\u00eatre que dans dix ans, je<br \/>\npense abandonner mon r\u00f4le de Kim K <strong>pour devenir avocate<br \/>\nplaidante<\/strong>. C&rsquo;est ce que je veux vraiment.\u00a0\u00bb<\/p>\n<p>Des talons aiguilles au<br \/>\nbarreau : un parcours hors normes<\/p>\n<p data-start=\"1264\" data-end=\"2111\">Si certains doutaient encore<br \/>\nde sa d\u00e9termination, les chiffres parlent pour elle. <strong>Six<br \/>\nans d\u2019\u00e9tudes intensives<\/strong>, 18 heures de travail par semaine,<br \/>\n48 semaines par an. Un vrai marathon juridique qu\u2019elle a men\u00e9 de<br \/>\nfront avec <strong>une carri\u00e8re tentaculaire<\/strong> et quatre<br \/>\nenfants, <a href=\"https:\/\/www.closermag.fr\/people\/kim-kardashian-accusee-de-faire-du-favoritisme-avec-ses-enfants-1064675\" target=\"_blank\" rel=\"noopener\"><br \/>\nNorth, Saint, Chicago et Psalm<\/a>, n\u00e9s de <a href=\"https:\/\/www.closermag.fr\/people\/kim-kardashian-diagnostic-choquant-lors-dun-scanner-en-larmes-elle-blame-kanye-west-3589013\" target=\"_blank\" rel=\"noopener\"><br \/>\nson union avec Kanye West<\/a>.<\/p>\n<p data-start=\"1264\" data-end=\"2111\">Jessica Jackson, son mentor, a<br \/>\nsalu\u00e9 <strong>ce parcours exemplaire<\/strong> : \u00ab\u00a0Cela<br \/>\nrepr\u00e9sente un total de 5 184 heures d&rsquo;\u00e9tudes juridiques, un temps<br \/>\nqu&rsquo;elle a consacr\u00e9 \u00e0 \u00e9lever quatre enfants, \u00e0 diriger des<br \/>\nentreprises, \u00e0 filmer des \u00e9missions et \u00e0 <strong>d\u00e9fendre les<br \/>\nautres<\/strong>.\u00a0\u00bb Un parcours digne d\u2019un sc\u00e9nario<br \/>\nhollywoodien, o\u00f9 Kim Kardashian jongle entre plaidoiries et tapis<br \/>\nrouges. Son objectif ? Suivre les traces de son p\u00e8re,<br \/>\n<strong>Robert Kardashian<\/strong>, c\u00e9l\u00e8bre <a href=\"https:\/\/www.closermag.fr\/people\/kim-kardashian-comment-le-proces-d-oj-simpson-a-dechire-sa-famille-1185798\" target=\"_blank\" rel=\"noopener\"><br \/>\navocat de la d\u00e9fense d\u2019O.J. Simpson<\/a>. Une filiation qui n\u2019a<br \/>\njamais cess\u00e9 de la motiver.<\/p>\n<p>Kim<br \/>\nKardashian, entre glamour et jurisprudence<\/p>\n<p data-start=\"2172\" data-end=\"2983\">Mais que ses fans se rassurent<br \/>\n: Kim Kardashian n\u2019abandonne pas totalement la lumi\u00e8re. En<br \/>\nparall\u00e8le, elle joue dans All\u2019s Fair, <strong>une s\u00e9rie juridique<\/strong> dans<br \/>\nlaquelle elle incarne&#8230; une avocate. <strong>Un clin<br \/>\nd\u2019\u0153il<\/strong> parfait \u00e0 sa nouvelle vie. Interrog\u00e9e sur ce double<br \/>\nr\u00f4le, elle a confi\u00e9 : \u00ab\u00a0J&rsquo;ai appris que c&rsquo;\u00e9tait possible.<br \/>\n<strong>C&rsquo;\u00e9tait mentalement difficile<\/strong> de devoir tout<br \/>\nfaire, mais j&rsquo;ai ador\u00e9.\u00a0\u00bb<\/p>\n<p data-start=\"2172\" data-end=\"2983\">Sa partenaire \u00e0 l\u2019\u00e9cran,<br \/>\n<a href=\"https:\/\/www.closermag.fr\/people\/pedro-pascal-cette-celebre-actrice-qui-lui-a-sauve-la-mise-alors-quil-navait-plus-un-sou-en-poche-3535712\" target=\"_blank\" rel=\"noopener\"><br \/>\nSarah Paulson<\/a>, n\u2019a pas tari d\u2019\u00e9loges : \u00ab\u00a0En v\u00e9rit\u00e9,<br \/>\n<strong>elle m&rsquo;a fait passer pour une fain\u00e9ante<\/strong>. Elle<br \/>\ndirige une entreprise, s&rsquo;occupe de quatre enfants et \u00e9tudie le<br \/>\ndroit. C&rsquo;est vraiment <strong>une personne<br \/>\nimpressionnante.<\/strong>\u00a0\u00bb Entre robes de gala et robes<br \/>\nd\u2019audience, Kim Kardashian r\u00e9invente la d\u00e9finition de girl<br \/>\nboss. Et prouve, une<br \/>\nfois encore, qu\u2019on peut \u00eatre brillante\u2026 sans jamais renoncer au<br \/>\nbrillant \u00e0 l\u00e8vres.<\/p>\n","protected":false},"excerpt":{"rendered":"Kim Kardashian ne fait d\u00e9cid\u00e9ment rien \u00e0 moiti\u00e9. Apr\u00e8s avoir conquis les plateaux t\u00e9l\u00e9, la mode et les&hellip;\n","protected":false},"author":2,"featured_media":489164,"comment_status":"","ping_status":"","sticky":false,"template":"","format":"standard","meta":{"footnotes":""},"categories":[1359],"tags":[548,58,59,1011,27,8932,973],"class_list":{"0":"post-489163","1":"post","2":"type-post","3":"status-publish","4":"format-standard","5":"has-post-thumbnail","7":"category-people","8":"tag-article-simple","9":"tag-divertissement","10":"tag-entertainment","11":"tag-fr","12":"tag-france","13":"tag-kim-kardashian","14":"tag-people"},"share_on_mastodon":{"url":"https:\/\/pubeurope.com\/@fr\/115435159410090747","error":""},"_links":{"self":[{"href":"https:\/\/www.europesays.com\/fr\/wp-json\/wp\/v2\/posts\/489163","targetHints":{"allow":["GET"]}}],"collection":[{"href":"https:\/\/www.europesays.com\/fr\/wp-json\/wp\/v2\/posts"}],"about":[{"href":"https:\/\/www.europesays.com\/fr\/wp-json\/wp\/v2\/types\/post"}],"author":[{"embeddable":true,"href":"https:\/\/www.europesays.com\/fr\/wp-json\/wp\/v2\/users\/2"}],"replies":[{"embeddable":true,"href":"https:\/\/www.europesays.com\/fr\/wp-json\/wp\/v2\/comments?post=489163"}],"version-history":[{"count":0,"href":"https:\/\/www.europesays.com\/fr\/wp-json\/wp\/v2\/posts\/489163\/revisions"}],"wp:featuredmedia":[{"embeddable":true,"href":"https:\/\/www.europesays.com\/fr\/wp-json\/wp\/v2\/media\/489164"}],"wp:attachment":[{"href":"https:\/\/www.europesays.com\/fr\/wp-json\/wp\/v2\/media?parent=489163"}],"wp:term":[{"taxonomy":"category","embeddable":true,"href":"https:\/\/www.europesays.com\/fr\/wp-json\/wp\/v2\/categories?post=489163"},{"taxonomy":"post_tag","embeddable":true,"href":"https:\/\/www.europesays.com\/fr\/wp-json\/wp\/v2\/tags?post=489163"}],"curies":[{"name":"wp","href":"https:\/\/api.w.org\/{rel}","templated":true}]}}