{"id":489177,"date":"2025-10-25T14:05:11","date_gmt":"2025-10-25T14:05:11","guid":{"rendered":"https:\/\/www.europesays.com\/fr\/489177\/"},"modified":"2025-10-25T14:05:11","modified_gmt":"2025-10-25T14:05:11","slug":"son-couple-bat-de-laile-laeticia-hallyday-au-bord-de-la-rupture-on-sait-maintenant-pourquoi","status":"publish","type":"post","link":"https:\/\/www.europesays.com\/fr\/489177\/","title":{"rendered":"\u00ab\u00a0Son couple bat de l\u2019aile\u00a0\u00bb : Laeticia Hallyday au bord de la rupture, on sait maintenant pourquoi"},"content":{"rendered":"<p>Pourtant si beau ! Entre <a href=\"https:\/\/www.closermag.fr\/people\/exclu-laeticia-hallyday-nest-plus-sans-domicile-fixe-et-ses-filles-ne-lont-pas-attendue-pour-en-profiter-3585536\" target=\"_blank\" rel=\"noopener\"><br \/>\nLaeticia Hallyday<\/a> et <strong>Fr\u00e9d\u00e9ric Suant<\/strong>, c\u2019\u00e9tait<br \/>\nun v\u00e9ritable coup de foudre. C\u2019est \u00e0 la rentr\u00e9e 2024 que le couple<br \/>\ns&rsquo;est rencontr\u00e9 \u00e0 Marrakech, lors d\u2019un anniversaire. Gr\u00e2ce \u00e0 un<br \/>\ncoup de pouce de <strong>Christina Apostolidou<\/strong>, le couple<br \/>\na v\u00e9cu une v\u00e9ritable idylle. Seulement, la flamme, l\u2019engouement des<br \/>\nd\u00e9buts serait vite retomb\u00e9e.<\/p>\n<p>Apr\u00e8s tout, ces derniers temps, le restaurateur s\u2019est fait rare.<br \/>\nMalgr\u00e9 une visite des ruines de la maison de Laeticia Hallyday \u00e0<br \/>\nLos Angeles, le couple n\u2019avait <strong>pas f\u00eat\u00e9 son premier<br \/>\nanniversaire<\/strong>. D\u2019ailleurs, <a href=\"https:\/\/www.closermag.fr\/people\/laeticia-hallyday-retour-discret-en-france-elle-convole-avec-son-compagnon-frederic-3538181\" target=\"_blank\" rel=\"noopener\"><br \/>\nFr\u00e9d\u00e9ric Suant<\/a> ne serait plus pr\u00e9sent pour la maman de<br \/>\n<strong>Jade et Joy<\/strong>. \u00ab\u00a0Alors que pour Laetitia, c&rsquo;est<br \/>\nune p\u00e9riode importante. Elle a vendu <a href=\"https:\/\/www.closermag.fr\/people\/laeticia-hallyday-a-vide-la-maison-de-johnny-a-marnes-la-coquette-ses-photos-dechirantes-3587221\" target=\"_blank\" rel=\"noopener\"><br \/>\nsa maison \u00e0 Marnes-la-Coquette<\/a>, elle doit<br \/>\n<strong>retourner voir ses filles<\/strong> \u00e0 Los<br \/>\nAngeles\u00a0\u00bb, a expliqu\u00e9 Gilles Verdez \u00e0 TBT9, sur<br \/>\nW9, le vendredi 24 octobre dernier.<\/p>\n<p>Laeticia Hallyday et Fr\u00e9d\u00e9ric Suant : une vaine tentative de<br \/>\nretrouvailles<\/p>\n<p>Comme nous l\u2019avons rapport\u00e9, <strong>Fr\u00e9d\u00e9ric Suant<\/strong> et<br \/>\n<strong>Laeticia Hallyday<\/strong> ont bien tent\u00e9 de se rabibocher.<br \/>\nCela gr\u00e2ce \u00e0 <strong>des retrouvailles<\/strong>, fin septembre,<br \/>\nlorsque le restaurateur a fait \u00ab\u00a0<a href=\"https:\/\/www.closermag.fr\/people\/pas-du-tout-present-laeticia-hallyday-et-frederic-suant-au-bord-de-la-rupture-apres-un-week-end-cauchemardesque-3588994\" target=\"_blank\" rel=\"noopener\">un<br \/>\npassage en coup de vent<\/a>\u00a0\u00bb \u00e0 Paris pour la voir. \u00ab\u00a0Fin<br \/>\nseptembre ils ont tout mis\u00e9 sur une tentative de retrouvailles. Ils<br \/>\npassent le week-end ensemble et lui, il est <strong>malade<br \/>\ntout le week-end<\/strong>. Donc, il est de son c\u00f4t\u00e9, ils<br \/>\nn&rsquo;ont rien fait en commun \u00ab\u00a0, a soulign\u00e9 Gilles Verdez sur le<br \/>\nplateau de Cyril Hanouna.<\/p>\n<p>\u00ab\u00a0Il n\u2019y a <strong>plus de projet en<br \/>\ncommun<\/strong>\u00ab\u00a0, a m\u00eame surench\u00e9ri le journaliste en ajoutant<br \/>\n: \u00ab\u00a0Elle ne va pas en Charente Il ne va pas \u00e0 Los Angeles aupr\u00e8s<br \/>\ndes filles de Laetitia\u00a0\u00bb. Parlant d\u2019un couple qui \u00ab\u00a0bat de<br \/>\nl\u2019aile\u00a0\u00bb, le chroniqueur a rapport\u00e9 les mots d\u2019un proche de la<br \/>\n<strong>veuve de Johnny Hallyday<\/strong> : \u00ab\u00a0\u00e7a sent la fin<br \/>\n!\u00a0\u00bb.<\/p>\n<blockquote class=\"instagram-media\" style=\"background: #ffffff;border: 0;margin: 1px;width: 100%;padding: 0;max-width: 500px;\" data-instgrm-permalink=\"https:\/\/www.instagram.com\/reel\/DKr5ZMFJmE_\/?utm_source=ig_web_copy_link&amp;igsh=MzRlODBiNWFlZA==\" data-instgrm-version=\"14\"\/><p>\n\u00ab\u00a0Pas si grave\u00a0\u00bb pour Laeticia Hallyday<br \/>\n!<\/p>\n<p>Malgr\u00e9 tout, il semblerait que m\u00eame s\u2019il y ait une rupture, \u00e7a<br \/>\nne serait \u00ab\u00a0<strong>pas si grave<\/strong>\u00a0\u00bb pour<br \/>\n<strong>Laeticia Hallyday<\/strong>. \u00ab\u00a0Laetitia s&rsquo;en remettrait<br \/>\nsans trop de difficult\u00e9s car elle est habitu\u00e9e \u00e0<br \/>\n<strong>des \u00e9preuves plus lourdes<\/strong>\u00ab\u00a0, a ajout\u00e9<br \/>\nGilles Verdez en citant <a href=\"https:\/\/www.closermag.fr\/people\/exclu-laeticia-hallyday-la-veritable-raison-pour-laquelle-elle-a-boude-la-fashion-week-de-paris-3585593\" target=\"_blank\" rel=\"noopener\"><br \/>\nune source proche<\/a> de la concern\u00e9e.<\/p>\n<p>Une source proche de Laeticia Hallyday a \u00e9galement soulign\u00e9 \u00e0<br \/>\nnos confr\u00e8res de Voici : \u00ab\u00a0Avec Johnny, ils se sont<br \/>\naim\u00e9s pendant vingt-deux ans, et ils ont eu mille vies. Ce n&rsquo;est<br \/>\npas <strong>une amourette<\/strong> qui la mettra<br \/>\n\u00e0 terre\u00a0\u00bb. \u00ab\u00a0Comme elle est impr\u00e9visible, l&rsquo;histoire peut<br \/>\nrepartir tout feu tout flamme, mais j&rsquo;y crois moyennement. \u00c7a sent<br \/>\nquand m\u00eame un peu la fin\u2026\u00a0\u00bb, a conclu la source.<\/p>\n<p><script async src=\"\/\/www.instagram.com\/embed.js\"><\/script><\/p>\n","protected":false},"excerpt":{"rendered":"Pourtant si beau ! Entre Laeticia Hallyday et Fr\u00e9d\u00e9ric Suant, c\u2019\u00e9tait un v\u00e9ritable coup de foudre. C\u2019est \u00e0&hellip;\n","protected":false},"author":2,"featured_media":489178,"comment_status":"","ping_status":"","sticky":false,"template":"","format":"standard","meta":{"footnotes":""},"categories":[8],"tags":[58,59,1011,27,7648],"class_list":{"0":"post-489177","1":"post","2":"type-post","3":"status-publish","4":"format-standard","5":"has-post-thumbnail","7":"category-divertissement","8":"tag-divertissement","9":"tag-entertainment","10":"tag-fr","11":"tag-france","12":"tag-laeticia-hallyday"},"share_on_mastodon":{"url":"https:\/\/pubeurope.com\/@fr\/115435190573115204","error":""},"_links":{"self":[{"href":"https:\/\/www.europesays.com\/fr\/wp-json\/wp\/v2\/posts\/489177","targetHints":{"allow":["GET"]}}],"collection":[{"href":"https:\/\/www.europesays.com\/fr\/wp-json\/wp\/v2\/posts"}],"about":[{"href":"https:\/\/www.europesays.com\/fr\/wp-json\/wp\/v2\/types\/post"}],"author":[{"embeddable":true,"href":"https:\/\/www.europesays.com\/fr\/wp-json\/wp\/v2\/users\/2"}],"replies":[{"embeddable":true,"href":"https:\/\/www.europesays.com\/fr\/wp-json\/wp\/v2\/comments?post=489177"}],"version-history":[{"count":0,"href":"https:\/\/www.europesays.com\/fr\/wp-json\/wp\/v2\/posts\/489177\/revisions"}],"wp:featuredmedia":[{"embeddable":true,"href":"https:\/\/www.europesays.com\/fr\/wp-json\/wp\/v2\/media\/489178"}],"wp:attachment":[{"href":"https:\/\/www.europesays.com\/fr\/wp-json\/wp\/v2\/media?parent=489177"}],"wp:term":[{"taxonomy":"category","embeddable":true,"href":"https:\/\/www.europesays.com\/fr\/wp-json\/wp\/v2\/categories?post=489177"},{"taxonomy":"post_tag","embeddable":true,"href":"https:\/\/www.europesays.com\/fr\/wp-json\/wp\/v2\/tags?post=489177"}],"curies":[{"name":"wp","href":"https:\/\/api.w.org\/{rel}","templated":true}]}}