{"id":489181,"date":"2025-10-25T14:07:11","date_gmt":"2025-10-25T14:07:11","guid":{"rendered":"https:\/\/www.europesays.com\/fr\/489181\/"},"modified":"2025-10-25T14:07:11","modified_gmt":"2025-10-25T14:07:11","slug":"aux-etats-unis-des-producteurs-de-soja-en-premiere-ligne-de-la-guerre-commerciale-avec-la-chine-liberation","status":"publish","type":"post","link":"https:\/\/www.europesays.com\/fr\/489181\/","title":{"rendered":"aux Etats-Unis, des producteurs de soja en premi\u00e8re ligne de la guerre commerciale avec la Chine \u2013 Lib\u00e9ration"},"content":{"rendered":"<p class=\"sc-cPiKLX AiZTS text-element\">Les mains calleuses de David Burrier racontent une vie pass\u00e9e dans les champs. Les feuilles rougissantes du Maryland sonnent l\u2019heure de sa cinquanti\u00e8me r\u00e9colte. Celle de ma\u00efs a d\u00e9j\u00e0 commenc\u00e9 \u2013 on entend non loin le moteur de la moissonneuse-batteuse pilot\u00e9e par son neveu, Jesse. Celle de soja ne devrait plus tarder. David attrape une gousse qu\u2019il ouvre entre ses doigts rugueux, d\u00e9couvrant <a href=\"https:\/\/www.liberation.fr\/environnement\/agriculture\/le-soja-une-petite-proteine-qui-a-du-mal-a-monter-20250225_2E3VG3ZPYRBL7LB5LH2VR455E4\/?redirected=1\" target=\"_blank\" rel=\"noopener\" title=\"https:\/\/www.liberation.fr\/environnement\/agriculture\/le-soja-une-petite-proteine-qui-a-du-mal-a-monter-20250225_2E3VG3ZPYRBL7LB5LH2VR455E4\/?redirected=1\">trois petites graines jaunes bien rondes<\/a>. Apr\u00e8s une rapide inspection, il en croque une qui \u00e9clate sous sa dent. \u00abCe bruit, c\u2019est le signe qu\u2019il est temps, qu\u2019elles sont suffisamment dures, dit le fermier. On va pouvoir commencer d\u00e8s cet apr\u00e8s-midi.\u00bb <\/p>\n<p class=\"sc-cPiKLX AiZTS text-element\">Il lance un signe convenu \u00e0 son neveu, qui acquiesce discr\u00e8tement, et s\u2019impressionne de la taille des graines, t\u00e9moignant d\u2019une \u00abtr\u00e8s bonne saison\u00bb. Mais son visage dit plus l\u2019inqui\u00e9tude que la satisfaction. Cette ann\u00e9e, <a href=\"https:\/\/www.liberation.fr\/international\/asie-pacifique\/guerre-commerciale-trump-menace-a-nouveau-la-chine-cette-fois-sur-les-importations-americaines-dhuile-de-cuisson-20251015_NJF5XFYWS5EXHK64ISNOPES534\/?redirected=1\" target=\"_blank\" rel=\"noopener\" title=\"https:\/\/ &lt;div style=\" clear:=\"\" both=\"\"><\/p>\n","protected":false},"excerpt":{"rendered":"Les mains calleuses de David Burrier racontent une vie pass\u00e9e dans les champs. Les feuilles rougissantes du Maryland&hellip;\n","protected":false},"author":2,"featured_media":489182,"comment_status":"","ping_status":"","sticky":false,"template":"","format":"standard","meta":{"footnotes":""},"categories":[6],"tags":[35,309,75,33,34,73,1011,27,1074],"class_list":{"0":"post-489181","1":"post","2":"type-post","3":"status-publish","4":"format-standard","5":"has-post-thumbnail","7":"category-economie","8":"tag-business","9":"tag-chine","10":"tag-donald-trump","11":"tag-economie","12":"tag-economy","13":"tag-etats-unis","14":"tag-fr","15":"tag-france","16":"tag-guerre-commerciale"},"share_on_mastodon":{"url":"https:\/\/pubeurope.com\/@fr\/115435198784117518","error":""},"_links":{"self":[{"href":"https:\/\/www.europesays.com\/fr\/wp-json\/wp\/v2\/posts\/489181","targetHints":{"allow":["GET"]}}],"collection":[{"href":"https:\/\/www.europesays.com\/fr\/wp-json\/wp\/v2\/posts"}],"about":[{"href":"https:\/\/www.europesays.com\/fr\/wp-json\/wp\/v2\/types\/post"}],"author":[{"embeddable":true,"href":"https:\/\/www.europesays.com\/fr\/wp-json\/wp\/v2\/users\/2"}],"replies":[{"embeddable":true,"href":"https:\/\/www.europesays.com\/fr\/wp-json\/wp\/v2\/comments?post=489181"}],"version-history":[{"count":0,"href":"https:\/\/www.europesays.com\/fr\/wp-json\/wp\/v2\/posts\/489181\/revisions"}],"wp:featuredmedia":[{"embeddable":true,"href":"https:\/\/www.europesays.com\/fr\/wp-json\/wp\/v2\/media\/489182"}],"wp:attachment":[{"href":"https:\/\/www.europesays.com\/fr\/wp-json\/wp\/v2\/media?parent=489181"}],"wp:term":[{"taxonomy":"category","embeddable":true,"href":"https:\/\/www.europesays.com\/fr\/wp-json\/wp\/v2\/categories?post=489181"},{"taxonomy":"post_tag","embeddable":true,"href":"https:\/\/www.europesays.com\/fr\/wp-json\/wp\/v2\/tags?post=489181"}],"curies":[{"name":"wp","href":"https:\/\/api.w.org\/{rel}","templated":true}]}}