{"id":489187,"date":"2025-10-25T14:10:14","date_gmt":"2025-10-25T14:10:14","guid":{"rendered":"https:\/\/www.europesays.com\/fr\/489187\/"},"modified":"2025-10-25T14:10:14","modified_gmt":"2025-10-25T14:10:14","slug":"ceux-qui-versent-les-pensions-alimentaires-bientot-taxes-et-les-beneficiaires-exoneres","status":"publish","type":"post","link":"https:\/\/www.europesays.com\/fr\/489187\/","title":{"rendered":"Ceux qui versent les pensions alimentaires bient\u00f4t tax\u00e9s, et les b\u00e9n\u00e9ficiaires exon\u00e9r\u00e9s\u00a0?"},"content":{"rendered":"<p>C\u2019est un m\u00e9canisme bien connu des couples avec enfants <a href=\"https:\/\/www.20minutes.fr\/dossier\/divorce\" class=\"c-link c-link--is-underlined\" target=\"_blank\" rel=\"noopener\">qui sont divorc\u00e9s<\/a>. Un syst\u00e8me pas toujours simple \u00e0 mettre en place et qui oblige l\u2019un des membres du couple \u00e0 verser une <a href=\"https:\/\/www.justice.fr\/simulateurs\/pension-alimentaire\" rel=\"nofollow noopener\" target=\"_blank\" class=\"c-link c-link--is-underlined\">pension alimentaire<\/a> \u00e0 l\u2019autre. Dans une \u00e9crasante majorit\u00e9 des cas, ce sont les m\u00e8res qui per\u00e7oivent cette somme visant \u00e0 les aider dans l\u2019\u00e9ducation des enfants.<\/p>\n<p>Actuellement, la loi fran\u00e7aise impose aux b\u00e9n\u00e9ficiaires une fiscalisation sur ces sommes, si elles sont imposables, estimant que la pension vient gonfler leur revenu. Peut-\u00eatre plus pour longtemps.<\/p>\n<\/p>\n<p>R\u00e9unis <a href=\"https:\/\/www.20minutes.fr\/politique\/4181369-20251024-budget-2026-carburants-timbres-retraites-5-points-chauds-projet\" class=\"c-link c-link--is-underlined\" target=\"_blank\" rel=\"noopener\">pour l\u2019examen du budget<\/a>, les d\u00e9put\u00e9s fran\u00e7ais ont approuv\u00e9 la d\u00e9fiscalisation des pensions alimentaires pour les personnes b\u00e9n\u00e9ficiaires, contre l\u2019avis du gouvernement. La fiscalisation sera alors support\u00e9e par les personnes versant la pension, bien souvent les p\u00e8res.<\/p>\n<p>Une inversion de la situation existante<\/p>\n<p>Cet amendement propos\u00e9 par la d\u00e9put\u00e9e \u00e9cologiste Marie-Charlotte Garin a \u00e9t\u00e9 adopt\u00e9 ce samedi par une large coalition de d\u00e9put\u00e9s de gauche, du Rassemblement national, et une partie des macronistes, principalement membres de Renaissance. Le nouveau texte inverse la situation existante, tout en imposant une limite \u00e0 cet avantage fiscal de 4.000 euros par enfant et plafonn\u00e9e \u00e0 12.000 euros par an.<\/p>\n<p><img decoding=\"async\" alt=\"La ministre des Comptes publics Am\u00e9lie de Montchalin n'est pas favorable \u00e0 l'amendement d\u00e9fiscalisant les pensions alimentaires des personnes b\u00e9n\u00e9ficiaires. \" class=\"c-img\" loading=\"lazy\" fetchpriority=\"auto\" width=\"718\"  src=\"https:\/\/img.20mn.fr\/8KAbV2xORTCaLEL01XmEWSk\/718x0\" \/>La ministre des Comptes publics Am\u00e9lie de Montchalin n&rsquo;est pas favorable \u00e0 l&rsquo;amendement d\u00e9fiscalisant les pensions alimentaires des personnes b\u00e9n\u00e9ficiaires. \u2002-\u00a0Arnaud Cesar Vilette\/SIPA<\/p>\n<p>La pr\u00e9sidente du groupe \u00e9cologiste Cyrielle Chatelain a d\u00e9fendu une mesure qui met fin \u00e0 une \u00ab\u00a0double in\u00e9galit\u00e9\u00a0\u00bb, alors que le parent b\u00e9n\u00e9ficiaire, dans 97\u00a0% des cas les m\u00e8res selon elle, non seulement per\u00e7oit en g\u00e9n\u00e9ral une pension alimentaire bien inf\u00e9rieure au co\u00fbt de l\u2019\u00e9ducation des enfants, mais est imposable sur cette somme.<\/p>\n<p>Un gain de 450\u00a0millions d\u2019euros<\/p>\n<p>Selon l\u2019expos\u00e9 des motifs de l\u2019amendement, la mesure \u00ab\u00a0pourrait contribuer \u00e0 r\u00e9duire le d\u00e9ficit public d\u2019environ 450\u00a0millions d\u2019euros par an\u00a0\u00bb. La ministre des Comptes publics Am\u00e9lie de\u00a0Montchalin s\u2019est dite d\u00e9favorable \u00e0 l\u2019amendement comme \u00e0 d\u2019autres sur le m\u00eame sujet, soulignant qu\u2019il conduirait \u00e0 \u00ab\u00a0de facto favoriser les femmes qui ont d\u00e9j\u00e0 des revenus importants\u00a0\u00bb par rapport aux plus modestes.<\/p>\n","protected":false},"excerpt":{"rendered":"C\u2019est un m\u00e9canisme bien connu des couples avec enfants qui sont divorc\u00e9s. Un syst\u00e8me pas toujours simple \u00e0&hellip;\n","protected":false},"author":2,"featured_media":489188,"comment_status":"","ping_status":"","sticky":false,"template":"","format":"standard","meta":{"footnotes":""},"categories":[2],"tags":[47,11,416,1003,1193,422,7681,847,652,526,1011,27,342,12,6685,104,2549],"class_list":{"0":"post-489187","1":"post","2":"type-post","3":"status-publish","4":"format-standard","5":"has-post-thumbnail","7":"category-actualites","8":"tag-actualite","9":"tag-actualites","10":"tag-assemblee-nationale","11":"tag-budget","12":"tag-couple","13":"tag-depute","14":"tag-divorce","15":"tag-enfant","16":"tag-famille","17":"tag-fiscalite","18":"tag-fr","19":"tag-france","20":"tag-impots","21":"tag-news","22":"tag-separation","23":"tag-societe","24":"tag-taxe"},"share_on_mastodon":{"url":"https:\/\/pubeurope.com\/@fr\/115435210829278951","error":""},"_links":{"self":[{"href":"https:\/\/www.europesays.com\/fr\/wp-json\/wp\/v2\/posts\/489187","targetHints":{"allow":["GET"]}}],"collection":[{"href":"https:\/\/www.europesays.com\/fr\/wp-json\/wp\/v2\/posts"}],"about":[{"href":"https:\/\/www.europesays.com\/fr\/wp-json\/wp\/v2\/types\/post"}],"author":[{"embeddable":true,"href":"https:\/\/www.europesays.com\/fr\/wp-json\/wp\/v2\/users\/2"}],"replies":[{"embeddable":true,"href":"https:\/\/www.europesays.com\/fr\/wp-json\/wp\/v2\/comments?post=489187"}],"version-history":[{"count":0,"href":"https:\/\/www.europesays.com\/fr\/wp-json\/wp\/v2\/posts\/489187\/revisions"}],"wp:featuredmedia":[{"embeddable":true,"href":"https:\/\/www.europesays.com\/fr\/wp-json\/wp\/v2\/media\/489188"}],"wp:attachment":[{"href":"https:\/\/www.europesays.com\/fr\/wp-json\/wp\/v2\/media?parent=489187"}],"wp:term":[{"taxonomy":"category","embeddable":true,"href":"https:\/\/www.europesays.com\/fr\/wp-json\/wp\/v2\/categories?post=489187"},{"taxonomy":"post_tag","embeddable":true,"href":"https:\/\/www.europesays.com\/fr\/wp-json\/wp\/v2\/tags?post=489187"}],"curies":[{"name":"wp","href":"https:\/\/api.w.org\/{rel}","templated":true}]}}