{"id":489216,"date":"2025-10-25T14:31:29","date_gmt":"2025-10-25T14:31:29","guid":{"rendered":"https:\/\/www.europesays.com\/fr\/489216\/"},"modified":"2025-10-25T14:31:29","modified_gmt":"2025-10-25T14:31:29","slug":"dix-spots-hautement-recommandables-pour-prendre-lair-apres-la-tempete-en-loire-atlantique","status":"publish","type":"post","link":"https:\/\/www.europesays.com\/fr\/489216\/","title":{"rendered":"Dix spots hautement recommandables pour prendre l\u2019air apr\u00e8s la temp\u00eate en Loire-Atlantique"},"content":{"rendered":"<p>Voici dix spots aux quatre coins de la Loire-Atlantique, pour sillonner le d\u00e9partement au grand air. Dix invitations \u00e0 la balade tranquille, choix subjectifs des journalistes d\u2019Ouest-France.<\/p>\n<p>Une for\u00eat (Vertou et Le Bignon)<\/p>\n<p>Quarante-sept hectares de la for\u00eat de Touffou appartiennent au D\u00e9partement et sont ouverts au public. Et il n\u2019y a pas meilleure saison que les couleurs de feu de l\u2019automne pour en profiter pleinement.<\/p>\n<p>Une jet\u00e9e (Saint-Nazaire)<\/p>\n<p>La Pince-de-Crabe\u00a0? Ce sont les deux jet\u00e9es du port. Chacune a son phare. Ce coin avec vue sur l\u2019estuaire, le pont, Saint-Br\u00e9vin et les mouvements des navires est accessible \u00e0 pied pour une balade sympa.<\/p>\n<p>\t<img decoding=\"async\" src=\"https:\/\/www.europesays.com\/fr\/wp-content\/uploads\/2025\/10\/P35543677D7036505G_px_640_.jpg\" alt=\"photo le petit port du collet?  \u00a9  archives franck dubray\" width=\"640\" title=\" Le petit port du Collet?   archives Franck Dubray \"\/><\/p>\n<p class=\"elmt-legende\"> Le petit port du Collet?   archives Franck Dubray <\/p>\n<p>Un port (Les Moutiers-en-Retz)<\/p>\n<p>Coup de c\u0153ur pour le petit port ostr\u00e9icole pittoresque du Collet, aux Moutiers-en-Retz avec, d\u2019un c\u00f4t\u00e9, la baie de Bourgneuf, et de l\u2019autre, le marais breton et ses milliers d\u2019oiseaux.<\/p>\n<p>Un jardin (Nantes)<\/p>\n<p>Dans<a href=\"https:\/\/nantes.maville.com\/actu\/actudet_-a-nantes-le-jardin-extraordinaire-a-devoile-ses-nouveautes-_8-7016109_actu.Htm\" target=\"_blank\" rel=\"noopener\"> le luxuriant Jardin extraordinaire, \u00e9tendu depuis octobre,<\/a> on vient pour lire, r\u00eaver, se promener, pique-niquer dans un d\u00e9cor de jungle, ou crapahuter sur les parcours de via ferrata, au plus pr\u00e8s des falaises de cette ancienne carri\u00e8re de granit.<\/p>\n<p>Un \u00e9tang (Pless\u00e9)<\/p>\n<p>L\u2019\u00e9tang de Buhel offre une jolie promenade autour du plan d\u2019eau, pour une boucle arbor\u00e9e de trente minutes, facile \u00e0 faire en famille, o\u00f9 les plus t\u00e9m\u00e9raires peuvent m\u00eame tenter la baignade (non surveill\u00e9e) avant le froid de l\u2019hiver.<\/p>\n<p>Un chemin (Mesquer)<\/p>\n<p>Le chemin de terre les marais salants du bassin du Mes, en direction du lieu-dit le Rostu, pour d\u00e9couvrir les oiseaux migrateurs et apercevoir la mer depuis un chemin encadr\u00e9 de conif\u00e8res puissants aux formes tourment\u00e9es. Magnifique\u00a0!<\/p>\n<p>Une rivi\u00e8re (La Haie-Fouassi\u00e8re)<\/p>\n<p>Le calme de la S\u00e8vre, au port, les structures de jeu et de repos sign\u00e9es de l\u2019architecte J\u00e9r\u00e9mie K\u0153mpgen invitent \u00e0 la r\u00eaverie. On navigue entre le pass\u00e9 commercial du lieu, \u00e9voqu\u00e9 sur les murs, et son pr\u00e9sent, d\u00e9di\u00e9 aux loisirs.<\/p>\n<p>Un marais (Cou\u00ebron)<\/p>\n<p>\u00c0 pied ou \u00e0 v\u00e9lo, la promenade dans le marais Audubon est un r\u00e9gal. Les vaches paissent dans les champs gorg\u00e9s d\u2019eau de cette vaste zone humide. Avec un peu de chance, on peut y apercevoir des cigognes, si elles ne se sont pas encore envol\u00e9es vers le sud\u00a0!<\/p>\n<p>Un march\u00e9 (Basse-Indre)<\/p>\n<p>C\u2019est autant une balade sur les bords de Loire, qu\u2019un pays de cocagne, qu\u2019un endroit parfait pour un ap\u00e9ro hu\u00eetres entre amis. L\u2019indispensable march\u00e9 du dimanche matin, \u00e0 Basse-Indre.<\/p>\n<p>Un fleuve (Ancenis).<\/p>\n<p>La Loire bien s\u00fbr, \u00e0 la halte nautique d\u2019Ancenis, table de pique-nique, sentiers pi\u00e9tons et piste cyclable avec vue sur le port\u00a0! Un must.<\/p>\n<p>\u00a0<\/p>\n","protected":false},"excerpt":{"rendered":"Voici dix spots aux quatre coins de la Loire-Atlantique, pour sillonner le d\u00e9partement au grand air. Dix invitations&hellip;\n","protected":false},"author":2,"featured_media":489217,"comment_status":"","ping_status":"","sticky":false,"template":"","format":"standard","meta":{"footnotes":""},"categories":[2818],"tags":[1111,11,2965,1777,674,1011,27,61213,3047,766,12,2636,4571,61214,25,19000,7747],"class_list":{"0":"post-489216","1":"post","2":"type-post","3":"status-publish","4":"format-standard","5":"has-post-thumbnail","7":"category-nantes","8":"tag-actu","9":"tag-actualites","10":"tag-air","11":"tag-eu","12":"tag-europe","13":"tag-fr","14":"tag-france","15":"tag-hautement","16":"tag-loire-atlantique","17":"tag-nantes","18":"tag-news","19":"tag-pays-de-la-loire","20":"tag-prendre","21":"tag-recommandables","22":"tag-republique-francaise","23":"tag-spots","24":"tag-tempete"},"share_on_mastodon":{"url":"https:\/\/pubeurope.com\/@fr\/115435293131063551","error":""},"_links":{"self":[{"href":"https:\/\/www.europesays.com\/fr\/wp-json\/wp\/v2\/posts\/489216","targetHints":{"allow":["GET"]}}],"collection":[{"href":"https:\/\/www.europesays.com\/fr\/wp-json\/wp\/v2\/posts"}],"about":[{"href":"https:\/\/www.europesays.com\/fr\/wp-json\/wp\/v2\/types\/post"}],"author":[{"embeddable":true,"href":"https:\/\/www.europesays.com\/fr\/wp-json\/wp\/v2\/users\/2"}],"replies":[{"embeddable":true,"href":"https:\/\/www.europesays.com\/fr\/wp-json\/wp\/v2\/comments?post=489216"}],"version-history":[{"count":0,"href":"https:\/\/www.europesays.com\/fr\/wp-json\/wp\/v2\/posts\/489216\/revisions"}],"wp:featuredmedia":[{"embeddable":true,"href":"https:\/\/www.europesays.com\/fr\/wp-json\/wp\/v2\/media\/489217"}],"wp:attachment":[{"href":"https:\/\/www.europesays.com\/fr\/wp-json\/wp\/v2\/media?parent=489216"}],"wp:term":[{"taxonomy":"category","embeddable":true,"href":"https:\/\/www.europesays.com\/fr\/wp-json\/wp\/v2\/categories?post=489216"},{"taxonomy":"post_tag","embeddable":true,"href":"https:\/\/www.europesays.com\/fr\/wp-json\/wp\/v2\/tags?post=489216"}],"curies":[{"name":"wp","href":"https:\/\/api.w.org\/{rel}","templated":true}]}}