{"id":489218,"date":"2025-10-25T14:32:21","date_gmt":"2025-10-25T14:32:21","guid":{"rendered":"https:\/\/www.europesays.com\/fr\/489218\/"},"modified":"2025-10-25T14:32:21","modified_gmt":"2025-10-25T14:32:21","slug":"lunion-democratique-bretonne-rejoint-johanna-rolland","status":"publish","type":"post","link":"https:\/\/www.europesays.com\/fr\/489218\/","title":{"rendered":"l&rsquo;Union D\u00e9mocratique Bretonne rejoint Johanna Rolland"},"content":{"rendered":"<p>            Par<br \/>\n        <strong><br \/>\n            <a href=\"https:\/\/actu.fr\/auteur\/laure-gentil\" title=\"Consulter tous les articles de Laure Gentil\" target=\"_blank\" rel=\"noopener\">Laure Gentil<\/a><br \/>\n        <\/strong><\/p>\n<p>        Publi\u00e9 le<\/p>\n<p>            25 oct. 2025 \u00e0 15h08        <\/p>\n<p>Les <a href=\"https:\/\/actu.fr\/pays-de-la-loire\/nantes_44109\/municipales-2026-le-ps-et-les-verts-veulent-faire-de-nantes-une-ville-refuge_63304670.html\" target=\"_blank\" rel=\"noopener\">\u00e9cologistes<\/a> et le <a href=\"https:\/\/actu.fr\/pays-de-la-loire\/nantes_44109\/municipales-2026-a-nantes-les-communistes-invitent-au-rassemblement-derriere-johanna-rolland_63294965.html\" target=\"_blank\" rel=\"noopener\">parti communiste<\/a> se sont tous rang\u00e9s derri\u00e8re Johanna Rolland pour les \u00e9lections municipales 2026 \u00e0 <strong>Nantes<\/strong>. C\u2019est au tour de l\u2019<strong>Union D\u00e9mocratique Bretonne<\/strong> (UDB) le parti autonomiste breton de rejoindre, apr\u00e8s \u00ab\u2009un vote interne\u2009\u00bb, l\u2019union des gauches.<\/p>\n<p>160 mesures<\/p>\n<p class=\" wall-content\">Dans la perspective des \u00e9lections les militants de l\u2019UDB ont \u00ab\u2009rendu public au printemps 60 propositions pour Nantes et sa m\u00e9tropole, compl\u00e9t\u00e9es par quatre focus, contenant chacun environ 25 mesures\u2009: Enjeux bretons, V\u00e9lo &amp; marche, Logement, \u00c9galit\u00e9\u2009\u00bb, indique le parti dans son communiqu\u00e9, soit 160 mesures en tout. Ces derni\u00e8res ont fait l\u2019objet \u00ab\u2009d\u2019\u00e9changes\u2009\u00bb avec la maire socialiste de Nantes.<\/p>\n<p class=\" wall-content\">\u00ab\u2009\u00c0 l\u2019heure o\u00f9 l\u2019extr\u00eame droite menace les int\u00e9r\u00eats des peuples, la mobilisation d\u2019\u00e9lus autonomistes de gauche dans la plus grande ville de Bretagne est primordiale,\u2009\u00bb a d\u00e9clar\u00e9 <strong>Aur\u00e9lien Boul\u00e9 Fournier<\/strong>, conseiller municipal et m\u00e9tropolitain.<\/p>\n<p class=\" wall-content\">Un avis partag\u00e9 par sa coll\u00e8gue <strong>Val\u00e9rie Coussinet-Ndiaye<\/strong> qui indique que \u201cla poursuite de [leur] engagement \u00e0 Nantes s\u2019inscrit dans la continuit\u00e9 des valeurs partag\u00e9es, de solidarit\u00e9 et d\u2019\u00e9mancipation port\u00e9es par l\u2019UDB.\u201d<\/p>\n<p class=\" wall-content\">Personnalisez votre actualit\u00e9 en ajoutant vos villes et m\u00e9dias en favori avec <a href=\"https:\/\/moncompte.actu.fr\" title=\"D\u00e9couvez Mon Actu\" rel=\"nofollow noopener\" data-trk=\"{&quot;cta&quot;:{&quot;action&quot;:&quot;https:\\\/\\\/moncompte.actu.fr&quot;,&quot;category&quot;:&quot;mon compte&quot;,&quot;from&quot;:&quot;article footer&quot;,&quot;name&quot;:&quot;Mon actu&quot;,&quot;type&quot;:&quot;cta&quot;}}\" target=\"_blank\">Mon Actu<\/a>.<\/p>\n","protected":false},"excerpt":{"rendered":"Par Laure Gentil Publi\u00e9 le 25 oct. 2025 \u00e0 15h08 Les \u00e9cologistes et le parti communiste se sont&hellip;\n","protected":false},"author":2,"featured_media":489219,"comment_status":"","ping_status":"","sticky":false,"template":"","format":"standard","meta":{"footnotes":""},"categories":[2818],"tags":[1111,11,4188,1777,674,1011,27,6945,3434,766,12,2636,316,25],"class_list":{"0":"post-489218","1":"post","2":"type-post","3":"status-publish","4":"format-standard","5":"has-post-thumbnail","7":"category-nantes","8":"tag-actu","9":"tag-actualites","10":"tag-elections-municipales","11":"tag-eu","12":"tag-europe","13":"tag-fr","14":"tag-france","15":"tag-johanna-rolland","16":"tag-municipales-2026","17":"tag-nantes","18":"tag-news","19":"tag-pays-de-la-loire","20":"tag-politique","21":"tag-republique-francaise"},"share_on_mastodon":{"url":"https:\/\/pubeurope.com\/@fr\/115435296911006317","error":""},"_links":{"self":[{"href":"https:\/\/www.europesays.com\/fr\/wp-json\/wp\/v2\/posts\/489218","targetHints":{"allow":["GET"]}}],"collection":[{"href":"https:\/\/www.europesays.com\/fr\/wp-json\/wp\/v2\/posts"}],"about":[{"href":"https:\/\/www.europesays.com\/fr\/wp-json\/wp\/v2\/types\/post"}],"author":[{"embeddable":true,"href":"https:\/\/www.europesays.com\/fr\/wp-json\/wp\/v2\/users\/2"}],"replies":[{"embeddable":true,"href":"https:\/\/www.europesays.com\/fr\/wp-json\/wp\/v2\/comments?post=489218"}],"version-history":[{"count":0,"href":"https:\/\/www.europesays.com\/fr\/wp-json\/wp\/v2\/posts\/489218\/revisions"}],"wp:featuredmedia":[{"embeddable":true,"href":"https:\/\/www.europesays.com\/fr\/wp-json\/wp\/v2\/media\/489219"}],"wp:attachment":[{"href":"https:\/\/www.europesays.com\/fr\/wp-json\/wp\/v2\/media?parent=489218"}],"wp:term":[{"taxonomy":"category","embeddable":true,"href":"https:\/\/www.europesays.com\/fr\/wp-json\/wp\/v2\/categories?post=489218"},{"taxonomy":"post_tag","embeddable":true,"href":"https:\/\/www.europesays.com\/fr\/wp-json\/wp\/v2\/tags?post=489218"}],"curies":[{"name":"wp","href":"https:\/\/api.w.org\/{rel}","templated":true}]}}