{"id":489220,"date":"2025-10-25T14:33:16","date_gmt":"2025-10-25T14:33:16","guid":{"rendered":"https:\/\/www.europesays.com\/fr\/489220\/"},"modified":"2025-10-25T14:33:16","modified_gmt":"2025-10-25T14:33:16","slug":"la-circulation-et-les-acces-modifies","status":"publish","type":"post","link":"https:\/\/www.europesays.com\/fr\/489220\/","title":{"rendered":"la circulation et les acc\u00e8s modifi\u00e9s"},"content":{"rendered":"<p>            Par<br \/>\n        <strong><br \/>\n            <a href=\"https:\/\/actu.fr\/auteur\/juliette-cardinale\" title=\"Consulter tous les articles de Juliette Cardinale\" rel=\"nofollow noopener\" target=\"_blank\">Juliette Cardinale<\/a><br \/>\n        <\/strong><\/p>\n<p>        Publi\u00e9 le<\/p>\n<p>            25 oct. 2025 \u00e0 16h16        <\/p>\n<p>Des barri\u00e8res ont \u00e9t\u00e9 install\u00e9es, les sols terrass\u00e9s, des acc\u00e8s ferm\u00e9s\u2026 Pas de doute, la \u00ab\u00a0phase finale\u00a0\u00bb des <strong>travaux<\/strong> de v\u00e9g\u00e9talisation du c\u0153ur de la <strong>place Stalingrad<\/strong> <a href=\"https:\/\/actu.fr\/bordeaux\/\" rel=\"nofollow noopener\" target=\"_blank\">\u00e0 Bordeaux<\/a> bat son plein depuis la fin septembre 2025. La circulation est modifi\u00e9e pendant plusieurs mois pour les besoins du chantier qui doit transformer les lieux.<\/p>\n<p>Une place transform\u00e9e<\/p>\n<p class=\" wall-content\">Bordeaux M\u00e9tropole promet <strong>\u00ab\u2009une place plus verte<\/strong> et adapt\u00e9e aux mobilit\u00e9s douces\u2009\u00bb \u00e0 l\u2019issue du chantier. Celui-ci s\u2019inscrit dans le cadre du projet <a href=\"https:\/\/www.bordeaux.fr\/bordeaux-grandeur-nature\" rel=\"nofollow noopener\" target=\"_blank\">Bordeaux grandeur nature,<\/a> un \u00ab\u2009v\u00e9ritable programme de <strong>reconqu\u00eate v\u00e9g\u00e9tale\u2009\u00bb,<\/strong> d\u00e9taille la Ville.<\/p>\n<p class=\" wall-content\">Les acc\u00e8s aux quais et \u00e0 la place ont \u00e9t\u00e9 <a href=\"https:\/\/actu.fr\/nouvelle-aquitaine\/bordeaux_33063\/bordeaux-l-interdiction-aux-voitures-sur-la-place-stalingrad-n-est-qu-une-premiere-etape_47813385.html\" rel=\"nofollow noopener\" target=\"_blank\">interdits aux voitures<\/a> depuis 2022 pendant une phase d\u2019exp\u00e9rimentation, puis de fa\u00e7on p\u00e9renne. C\u2019est bient\u00f4t la <strong>circulation des<\/strong> bus qui sera r\u00e9duite, cantonn\u00e9e \u00e0 une voie.<\/p>\n<p class=\" wall-content\">Elle laissera plus de place \u00e0 la v\u00e9g\u00e9talisation : en plus des arbres existants, des plantations basses occuperont ainsi <strong>plus de 4\u2009000 m\u00e8tres carr\u00e9s\u00a0<\/strong>sur la place.<\/p>\n<p>    <img   decoding=\"async\" loading=\"lazy\" src=\"https:\/\/www.europesays.com\/fr\/wp-content\/uploads\/2025\/10\/place-stalingrad-apres-pole-territorial-de-bordeaux-960x640.png\" alt=\"Le projet de la place Stalingrad \u00e0 Bordeaux v\u00e9g\u00e9talis\u00e9e.\" width=\"960\" height=\"640\"\/><br \/>\n    Le projet de la place Stalingrad \u00e0 Bordeaux v\u00e9g\u00e9talis\u00e9e. (\u00a9Pole territorial de Bordeaux)<\/p>\n<p class=\" wall-content\">Une <strong>piste cyclable de 2,5 m\u00e8tres de large<\/strong> prendra place sur l\u2019anneau ext\u00e9rieur de la place. Un itin\u00e9raire plus s\u00e9curis\u00e9 pour les 10 000 cyclises qui arpentent quotidiennement la place. Du <strong>mobilier urbain<\/strong> doit \u00e9galement \u00eatre install\u00e9, les stations v\u00e9lo r\u00e9organis\u00e9es et les sols refaits \u00e0 neuf.<\/p>\n<p>Les acc\u00e8s modifi\u00e9s<\/p>\n<p class=\" wall-content\">Si la circulation sur cette place symbolique de la rive droite sera modifi\u00e9e apr\u00e8s les travaux, les passants doivent d\u00e9j\u00e0 <strong>s\u2019adapter au chantier.<\/strong> Pour assurer la s\u00e9curit\u00e9 de tous, les <strong>cheminements<\/strong> pi\u00e9tons, v\u00e9los, bus <a href=\"https:\/\/actu.fr\/tag\/tbm\" rel=\"nofollow noopener\" target=\"_blank\">TBM<\/a> et de la R\u00e9gion sont modifi\u00e9s. Le tram A n\u2019est pas impact\u00e9.<\/p>\n<p>Votre r\u00e9gion, votre actu !<\/p>\n<p>Recevez chaque jour les infos qui comptent pour vous.<\/p>\n<p>\t<a href=\"https:\/\/actu.fr\/newsletter\" class=\"ac-btn ac-btn--corner ac-btn--medium ac-btn--blue800\" rel=\"nofollow noopener\" target=\"_blank\">S&rsquo;incrire<\/a><\/p>\n<p class=\" wall-content\">En d\u00e9but de chantier, les passages <strong>pi\u00e9tons<\/strong> vers l\u2019avenue Thiers ont \u00e9t\u00e9 condamn\u00e9s. Ils \u00e9volueront au fil des travaux. La route qui contourne la place ne peut \u00eatre emprunt\u00e9e que dans un sens\u2009: des <strong>cheminements\u00a0cyclistes<\/strong> sont signal\u00e9s sur la chauss\u00e9e pour \u00e9viter toute erreur.<\/p>\n<p class=\" wall-content\">Depuis la fin septembre, <strong>aucun bus<\/strong> ne circule sur la place dans le sens Queyries-Deschamps. Ils empruntent les quais via la rue Sem, tout comme les v\u00e9hicules de secours et livreurs. Pour prendre un bus TBM, il faut se rendre aux arr\u00eats temporairement <strong>d\u00e9plac\u00e9s all\u00e9e Serr.<\/strong><\/p>\n<p>    <img   decoding=\"async\" loading=\"lazy\" src=\"https:\/\/www.europesays.com\/fr\/wp-content\/uploads\/2025\/10\/place-stalingrad-travaux-bordeaux-8-960x640.jpg\" alt=\"La place Stalingrad est actuellement en travaux dans le cadre du projet Bordeaux grandeur nature.\" width=\"960\" height=\"640\"\/><br \/>\n    La place Stalingrad est actuellement en travaux dans le cadre du projet Bordeaux grandeur nature. (\u00a9Actu Bordeaux \/ Julian Doubax)<\/p>\n<p class=\" wall-content\">Les travaux doivent <strong>se terminer en f\u00e9vrier prochain.<\/strong> Le chantier de v\u00e9g\u00e9talisation, lui, continuera au niveau des <strong>quais Deschamps et de Queyries,<\/strong> pour une dur\u00e9e totale d\u2019environ un an et demi.<\/p>\n<p class=\" wall-content\">\u00ab\u2009Certains travaux, r\u00e9alis\u00e9s de jour comme de nuit selon les phases du chantier, peuvent g\u00e9n\u00e9rer des <strong>nuisances sonores ponctuelles,<\/strong> notamment lors de la d\u00e9molition des anciens rails et rev\u00eatements\u2009\u00bb, pr\u00e9vient <a href=\"https:\/\/actu.fr\/tag\/bordeaux-metropole\" rel=\"nofollow noopener\" target=\"_blank\">Bordeaux M\u00e9tropole<\/a> qui assure rester \u00ab\u2009attentive \u00e0 limiter ces impacts autant que possible\u2009\u00bb.<\/p>\n<p class=\" wall-content\">Personnalisez votre actualit\u00e9 en ajoutant vos villes et m\u00e9dias en favori avec <a href=\"https:\/\/moncompte.actu.fr\" title=\"D\u00e9couvez Mon Actu\" rel=\"nofollow noopener\" data-trk=\"{&quot;cta&quot;:{&quot;action&quot;:&quot;https:\\\/\\\/moncompte.actu.fr&quot;,&quot;category&quot;:&quot;mon compte&quot;,&quot;from&quot;:&quot;article footer&quot;,&quot;name&quot;:&quot;Mon actu&quot;,&quot;type&quot;:&quot;cta&quot;}}\" target=\"_blank\">Mon Actu<\/a>.<\/p>\n","protected":false},"excerpt":{"rendered":"Par Juliette Cardinale Publi\u00e9 le 25 oct. 2025 \u00e0 16h16 Des barri\u00e8res ont \u00e9t\u00e9 install\u00e9es, les sols terrass\u00e9s,&hellip;\n","protected":false},"author":2,"featured_media":489221,"comment_status":"","ping_status":"","sticky":false,"template":"","format":"standard","meta":{"footnotes":""},"categories":[2817],"tags":[1111,11,1997,3542,1777,674,1011,27,12,2219,25,104,2086],"class_list":{"0":"post-489220","1":"post","2":"type-post","3":"status-publish","4":"format-standard","5":"has-post-thumbnail","7":"category-bordeaux","8":"tag-actu","9":"tag-actualites","10":"tag-bordeaux","11":"tag-circulation","12":"tag-eu","13":"tag-europe","14":"tag-fr","15":"tag-france","16":"tag-news","17":"tag-nouvelle-aquitaine","18":"tag-republique-francaise","19":"tag-societe","20":"tag-travaux"},"share_on_mastodon":{"url":"https:\/\/pubeurope.com\/@fr\/115435301749686175","error":""},"_links":{"self":[{"href":"https:\/\/www.europesays.com\/fr\/wp-json\/wp\/v2\/posts\/489220","targetHints":{"allow":["GET"]}}],"collection":[{"href":"https:\/\/www.europesays.com\/fr\/wp-json\/wp\/v2\/posts"}],"about":[{"href":"https:\/\/www.europesays.com\/fr\/wp-json\/wp\/v2\/types\/post"}],"author":[{"embeddable":true,"href":"https:\/\/www.europesays.com\/fr\/wp-json\/wp\/v2\/users\/2"}],"replies":[{"embeddable":true,"href":"https:\/\/www.europesays.com\/fr\/wp-json\/wp\/v2\/comments?post=489220"}],"version-history":[{"count":0,"href":"https:\/\/www.europesays.com\/fr\/wp-json\/wp\/v2\/posts\/489220\/revisions"}],"wp:featuredmedia":[{"embeddable":true,"href":"https:\/\/www.europesays.com\/fr\/wp-json\/wp\/v2\/media\/489221"}],"wp:attachment":[{"href":"https:\/\/www.europesays.com\/fr\/wp-json\/wp\/v2\/media?parent=489220"}],"wp:term":[{"taxonomy":"category","embeddable":true,"href":"https:\/\/www.europesays.com\/fr\/wp-json\/wp\/v2\/categories?post=489220"},{"taxonomy":"post_tag","embeddable":true,"href":"https:\/\/www.europesays.com\/fr\/wp-json\/wp\/v2\/tags?post=489220"}],"curies":[{"name":"wp","href":"https:\/\/api.w.org\/{rel}","templated":true}]}}