{"id":489226,"date":"2025-10-25T14:36:27","date_gmt":"2025-10-25T14:36:27","guid":{"rendered":"https:\/\/www.europesays.com\/fr\/489226\/"},"modified":"2025-10-25T14:36:27","modified_gmt":"2025-10-25T14:36:27","slug":"dans-un-stadium-en-ebullition-toulouse-defie-toulon-pour-le-choc-des-rouge-et-noir","status":"publish","type":"post","link":"https:\/\/www.europesays.com\/fr\/489226\/","title":{"rendered":"dans un Stadium en \u00e9bullition, Toulouse d\u00e9fie Toulon pour le choc des Rouge et Noir"},"content":{"rendered":"<p>            Par<br \/>\n        <strong><br \/>\n            <a href=\"https:\/\/actu.fr\/auteur\/guillaume-laurens\" title=\"Consulter tous les articles de Guillaume Laurens\" target=\"_blank\" rel=\"noopener\">Guillaume Laurens<\/a><br \/>\n        <\/strong><\/p>\n<p>        Publi\u00e9 le<\/p>\n<p>            25 oct. 2025 \u00e0 16h20        <\/p>\n<p>C\u2019est LE choc du week-end en Top\u00a014\u2009! Le <a href=\"https:\/\/actu.fr\/tag\/stade-toulousain\" target=\"_blank\" rel=\"noopener\"><strong>Stade Toulousain<\/strong><\/a> re\u00e7oit le<strong> RC Toulon<\/strong> ce dimanche 26\u00a0octobre 2025 au <a href=\"https:\/\/actu.fr\/tag\/stadium-de-toulouse\" target=\"_blank\" rel=\"noopener\">Stadium de Toulouse<\/a>, en match de cl\u00f4ture de la<strong> 8\u1d49 journ\u00e9e,<\/strong> et cette confrontation entre deux grosses \u00e9curies en Rouge et Noir pourrait bien faire des \u00e9tincelles\u2009! Les enjeux du match.<\/p>\n<p>Toulouse alterne le chaud et le froid<\/p>\n<p class=\" wall-content\">Devanc\u00e9 par Pau et Bayonne au classement (deux \u00e9quipes qui ont battu Toulouse chez elles), le triple champion de France en titre affiche quatre victoires pour trois d\u00e9faites, et n\u2019est que<strong> 3\u1d49 du Top\u00a014,<\/strong> \u00e0 l\u2019issue de la 7\u1d49 journ\u00e9e. <a href=\"https:\/\/actu.fr\/occitanie\/toulouse_31555\/top-14-le-stade-toulousain-perd-son-bras-de-fer-a-pau-dans-les-dernieres-secondes_63320304.html\" target=\"_blank\" rel=\"noopener\">Vaincu sur le fil (30-26) dans le B\u00e9arn samedi, malgr\u00e9 une belle prestation<\/a>, le Stade Toulousain alterne le chaud et le froid cette saison, n\u2019ayant encha\u00een\u00e9 deux victoires\u2026 que lors des deux premi\u00e8res journ\u00e9es\u2009!<\/p>\n<p class=\" wall-content\">Dans un <strong>Stadium<\/strong> qui sera forc\u00e9ment <strong>en \u00e9bullition<\/strong>, la f\u00eate devrait \u00eatre totale autour des Rouge et Noir devant des supporters <strong>affam\u00e9s de victoires<\/strong>, d\u2019autant que le coup d\u2019envoi sera donn\u00e9 <strong>juste apr\u00e8s le grand banquet<\/strong> du Stade Toulousain.<\/p>\n<p>Pour Toulon, faire oublier neuf ans de d\u00e9faites \u00e0 Toulouse<\/p>\n<p class=\" wall-content\">Avec 19 points au compteur, <strong>Toulon<\/strong> figure de son c\u00f4t\u00e9 \u00e0 la 5e place du championnat, \u00e0 une longueur seulement du Stade Toulousain\u2026 malgr\u00e9 un match en retard (\u00e0 domicile qui plus est). Comptabilisant quatre victoires et deux d\u00e9faites cette saison, la bande \u00e0 Pierre Mignoni reste sur un gros succ\u00e8s (45-21) obtenu face au Racing 92 dimanche.<\/p>\n<p class=\" wall-content\">Surtout, cet affrontement aura forc\u00e9ment un <strong>parfum de revanche<\/strong> pour le club de la rade. Battu par le Stade \u00e0 trois reprises la saison derni\u00e8re, <a href=\"https:\/\/actu.fr\/occitanie\/toulouse_31555\/top-14-le-stade-toulousain-deroule-et-coule-toulon-dans-un-festival-d-essais_61792326.html\" target=\"_blank\" rel=\"noopener\">d\u2019abord dans la Ville rose (57-7)<\/a> puis deux fois \u00e0 domicile (<a href=\"https:\/\/actu.fr\/sports\/rugby\/pro\/champions-cup-toulouse-arrache-sa-demi-finale-face-a-toulon-dans-la-derniere-minute-les-3-choses-a-retenir_62504960.html\" target=\"_blank\" rel=\"noopener\">18-21 en quart de finale<\/a> de Champions Cup, avant <a href=\"https:\/\/actu.fr\/occitanie\/toulouse_31555\/top-14-le-stade-toulousain-se-qualifie-en-demi-finale-et-corrige-toulon-au-velodrome_62619231.html\" target=\"_blank\" rel=\"noopener\">un cinglant 16-50 lors de la 23e journ\u00e9e<\/a>), Toulon n\u2019a plus gagn\u00e9 \u00e0 Toulouse depuis le 11\u00a0septembre 2016\u2026 Une tendance que les co\u00e9quipiers du grand <strong>Charles Ollivon<\/strong> auront \u00e0 c\u0153ur de renverser\u2009!<\/p>\n<p>Vid\u00e9os : en ce moment sur ActuDans un Stadium surchauff\u00e9\u2026 et \u00e0 guichets ferm\u00e9s<\/p>\n<p class=\" wall-content\">C\u00f4t\u00e9 effectif, on ignore pour l\u2019heure la composition du XV toulousain, mais Ugo Mola devrait aligner <strong>la grosse \u00e9curie<\/strong> pour d\u00e9fier des Toulonnais en forme (bien que priv\u00e9s de leur ma\u00eetre \u00e0 jouer Baptiste Serin, bless\u00e9). Le tout dans un Stadium surchauff\u00e9, <strong>six mois jour pour jour<\/strong> apr\u00e8s la derni\u00e8re apparition des Rouge et Noir sur ce pr\u00e9 traditionnellement d\u00e9volu aux Violets. La derni\u00e8re fois, c\u2019\u00e9tait donc<a href=\"https:\/\/actu.fr\/occitanie\/toulouse_31555\/top-14-intouchable-le-stade-toulousain-domine-castres-et-ramene-le-bonus-offensif_62562696.html\" target=\"_blank\" rel=\"noopener\"> le 26\u00a0avril dernier face \u00e0 Castres, et cela s\u2019\u00e9tait sold\u00e9 par un \u00e9norme succ\u00e8s (52-6) et une avalanche d\u2019essais.<\/a><\/p>\n<p class=\" wall-content\">Alors que <a href=\"https:\/\/actu.fr\/occitanie\/toulouse_31555\/stade-toulousain-trouver-des-places-pour-aller-voir-les-rouge-et-noir-c-est-le-parcours-du-combattant_62591255.html\" target=\"_blank\" rel=\"noopener\">nombre de supporters peinent encore cette saison \u00e0 trouver des billets<\/a> pour pousser derri\u00e8re <strong>Romain Ntamack<\/strong> et ses \u00e9quipiers, ce choc sera sans surprise<strong> \u00e0 guichets ferm\u00e9s\u2009: <\/strong>33\u2009000\u00a0spectateurs au compteur\u2026 pour une ambiance des grands soirs\u2009!<\/p>\n<p>Votre r\u00e9gion, votre actu !<\/p>\n<p>Recevez chaque jour les infos qui comptent pour vous.<\/p>\n<p>\t<a href=\"https:\/\/actu.fr\/newsletter\" class=\"ac-btn ac-btn--corner ac-btn--medium ac-btn--blue800\" target=\"_blank\" rel=\"noopener\">S&rsquo;incrire<\/a><\/p>\n<p><strong>Infos pratiques\u2009:<\/strong><br \/>Toulouse \u2013 Toulon<br \/>8e journ\u00e9e de Top\u00a014<br \/>Dimanche 26\u00a0octobre 2025 \u00e0 21h05<br \/>En direct sur Canal +<\/p>\n<p class=\" wall-content\">Personnalisez votre actualit\u00e9 en ajoutant vos villes et m\u00e9dias en favori avec <a href=\"https:\/\/moncompte.actu.fr\" title=\"D\u00e9couvez Mon Actu\" rel=\"nofollow noopener\" data-trk=\"{&quot;cta&quot;:{&quot;action&quot;:&quot;https:\\\/\\\/moncompte.actu.fr&quot;,&quot;category&quot;:&quot;mon compte&quot;,&quot;from&quot;:&quot;article footer&quot;,&quot;name&quot;:&quot;Mon actu&quot;,&quot;type&quot;:&quot;cta&quot;}}\" target=\"_blank\">Mon Actu<\/a>.<\/p>\n","protected":false},"excerpt":{"rendered":"Par Guillaume Laurens Publi\u00e9 le 25 oct. 2025 \u00e0 16h20 C\u2019est LE choc du week-end en Top\u00a014\u2009! Le&hellip;\n","protected":false},"author":2,"featured_media":489227,"comment_status":"","ping_status":"","sticky":false,"template":"","format":"standard","meta":{"footnotes":""},"categories":[2816],"tags":[1111,11,1777,674,1011,27,12,2680,6717,25,479,60,476,478,2312],"class_list":{"0":"post-489226","1":"post","2":"type-post","3":"status-publish","4":"format-standard","5":"has-post-thumbnail","7":"category-toulouse","8":"tag-actu","9":"tag-actualites","10":"tag-eu","11":"tag-europe","12":"tag-fr","13":"tag-france","14":"tag-news","15":"tag-occitanie","16":"tag-rct-rugby-club-toulonnais","17":"tag-republique-francaise","18":"tag-rugby","19":"tag-sports","20":"tag-stade-toulousain","21":"tag-top-14","22":"tag-toulouse"},"share_on_mastodon":{"url":"https:\/\/pubeurope.com\/@fr\/115435312440774335","error":""},"_links":{"self":[{"href":"https:\/\/www.europesays.com\/fr\/wp-json\/wp\/v2\/posts\/489226","targetHints":{"allow":["GET"]}}],"collection":[{"href":"https:\/\/www.europesays.com\/fr\/wp-json\/wp\/v2\/posts"}],"about":[{"href":"https:\/\/www.europesays.com\/fr\/wp-json\/wp\/v2\/types\/post"}],"author":[{"embeddable":true,"href":"https:\/\/www.europesays.com\/fr\/wp-json\/wp\/v2\/users\/2"}],"replies":[{"embeddable":true,"href":"https:\/\/www.europesays.com\/fr\/wp-json\/wp\/v2\/comments?post=489226"}],"version-history":[{"count":0,"href":"https:\/\/www.europesays.com\/fr\/wp-json\/wp\/v2\/posts\/489226\/revisions"}],"wp:featuredmedia":[{"embeddable":true,"href":"https:\/\/www.europesays.com\/fr\/wp-json\/wp\/v2\/media\/489227"}],"wp:attachment":[{"href":"https:\/\/www.europesays.com\/fr\/wp-json\/wp\/v2\/media?parent=489226"}],"wp:term":[{"taxonomy":"category","embeddable":true,"href":"https:\/\/www.europesays.com\/fr\/wp-json\/wp\/v2\/categories?post=489226"},{"taxonomy":"post_tag","embeddable":true,"href":"https:\/\/www.europesays.com\/fr\/wp-json\/wp\/v2\/tags?post=489226"}],"curies":[{"name":"wp","href":"https:\/\/api.w.org\/{rel}","templated":true}]}}