{"id":489230,"date":"2025-10-25T14:39:11","date_gmt":"2025-10-25T14:39:11","guid":{"rendered":"https:\/\/www.europesays.com\/fr\/489230\/"},"modified":"2025-10-25T14:39:11","modified_gmt":"2025-10-25T14:39:11","slug":"metropole-de-lille-gims-au-grand-stade-pour-sa-prochaine-tournee-la-billetterie-ouvre-bientot","status":"publish","type":"post","link":"https:\/\/www.europesays.com\/fr\/489230\/","title":{"rendered":"M\u00e9tropole de Lille. Gims au Grand Stade pour sa prochaine tourn\u00e9e : la billetterie ouvre bient\u00f4t"},"content":{"rendered":"<p>            Par<br \/>\n        <strong><br \/>\n            <a href=\"https:\/\/actu.fr\/auteur\/amandine-vachez\" title=\"Consulter tous les articles de Amandine Vachez\" target=\"_blank\" rel=\"noopener\">Amandine Vachez<\/a><br \/>\n        <\/strong><\/p>\n<p>        Publi\u00e9 le<\/p>\n<p>            25 oct. 2025 \u00e0 15h56        <\/p>\n<p>Une nouvelle \u00e9tape du<b> \u00ab\u00a0summer tour 2026\u00a0\u00bb<\/b> de<b> Gims <\/b>a \u00e9t\u00e9 annonc\u00e9e, le vendredi 24 octobre 2025. Il passera par la <b>m\u00e9tropole de Lille <\/b>(Nord), \u00e0 la Decathlon Arena (<a href=\"https:\/\/actu.fr\/tag\/stade-pierre-mauroy\" target=\"_blank\" rel=\"noopener\">stade Pierre Mauroy<\/a>) de Villeneuve-d\u2019Ascq, plus pr\u00e9cis\u00e9ment. La<b> billetterie ouvre fin octobre 2025<\/b>, il va falloir se d\u00e9p\u00eacher pour prendre vos places !<\/p>\n<p>Une tourn\u00e9e \u00e0 guichets ferm\u00e9s en 2024<\/p>\n<p class=\" wall-content\">Le show, qui s\u2019annonce exceptionnel, est pr\u00e9vu le\u00a0samedi 13 juin 2026 \u00e0 20h, a annonc\u00e9 le Grand Stade sur X, le 24 octobre. La pr\u00e9vente s\u2019ouvrira <a href=\"http:\/\/eiff.fr\/mslc50Xhw1m\" target=\"_blank\" rel=\"noopener\">sur le site de la Decathlon Arena<\/a> le lundi 27 octobre \u00e0 10h. La <b>mise en vente g\u00e9n\u00e9rale des tickets <\/b>se fera\u00a0 24h plus tard, le <b>mardi 28 octobre \u00e0 10h.<\/b><\/p>\n<p class=\" wall-content\">\n<p class=\" wall-content\">Apr\u00e8s une tourn\u00e9e exceptionnelle de plus de 90 dates \u00e0 guichets ferm\u00e9s qui a marqu\u00e9 2024 et 2025, Gims est de retour sur sc\u00e8ne en 2026. \u00ab\u00a0Ce <a href=\"https:\/\/actu.fr\/loisirs-culture\/concert\" target=\"_blank\" rel=\"noopener\">concert<\/a> sera l\u2019occasion de (re)d\u00e9couvrir ses plus grands titres : Ciel, Ninao, Parisienne, Air Force Blanche, Spider, Sois pas timide, Appelle ta copine\u2026\u00a0\u00bb, rappelle la production. \u00ab\u00a0Avec d\u00e9j\u00e0 plus de 750 000 billets vendus et des dates compl\u00e8tes dans toute la France, Suisse, Belgique et Canada, Gims confirme une fois de plus son statut d\u2019artiste incontournable de la sc\u00e8ne musicale.\u00a0\u00bb<\/p>\n<p class=\" wall-content\">Personnalisez votre actualit\u00e9 en ajoutant vos villes et m\u00e9dias en favori avec <a href=\"https:\/\/moncompte.actu.fr\" title=\"D\u00e9couvez Mon Actu\" rel=\"nofollow noopener\" data-trk=\"{&quot;cta&quot;:{&quot;action&quot;:&quot;https:\\\/\\\/moncompte.actu.fr&quot;,&quot;category&quot;:&quot;mon compte&quot;,&quot;from&quot;:&quot;article footer&quot;,&quot;name&quot;:&quot;Mon actu&quot;,&quot;type&quot;:&quot;cta&quot;}}\" target=\"_blank\">Mon Actu<\/a>.<\/p>\n","protected":false},"excerpt":{"rendered":"Par Amandine Vachez Publi\u00e9 le 25 oct. 2025 \u00e0 15h56 Une nouvelle \u00e9tape du \u00ab\u00a0summer tour 2026\u00a0\u00bb de&hellip;\n","protected":false},"author":2,"featured_media":489231,"comment_status":"","ping_status":"","sticky":false,"template":"","format":"standard","meta":{"footnotes":""},"categories":[2815],"tags":[1111,11,1697,1777,674,1011,27,811,1307,1652,12,25,13595],"class_list":{"0":"post-489230","1":"post","2":"type-post","3":"status-publish","4":"format-standard","5":"has-post-thumbnail","7":"category-lille","8":"tag-actu","9":"tag-actualites","10":"tag-concert","11":"tag-eu","12":"tag-europe","13":"tag-fr","14":"tag-france","15":"tag-hauts-de-france","16":"tag-lille","17":"tag-loisirs-culture","18":"tag-news","19":"tag-republique-francaise","20":"tag-stade-pierre-mauroy"},"share_on_mastodon":{"url":"https:\/\/pubeurope.com\/@fr\/115435324384271958","error":""},"_links":{"self":[{"href":"https:\/\/www.europesays.com\/fr\/wp-json\/wp\/v2\/posts\/489230","targetHints":{"allow":["GET"]}}],"collection":[{"href":"https:\/\/www.europesays.com\/fr\/wp-json\/wp\/v2\/posts"}],"about":[{"href":"https:\/\/www.europesays.com\/fr\/wp-json\/wp\/v2\/types\/post"}],"author":[{"embeddable":true,"href":"https:\/\/www.europesays.com\/fr\/wp-json\/wp\/v2\/users\/2"}],"replies":[{"embeddable":true,"href":"https:\/\/www.europesays.com\/fr\/wp-json\/wp\/v2\/comments?post=489230"}],"version-history":[{"count":0,"href":"https:\/\/www.europesays.com\/fr\/wp-json\/wp\/v2\/posts\/489230\/revisions"}],"wp:featuredmedia":[{"embeddable":true,"href":"https:\/\/www.europesays.com\/fr\/wp-json\/wp\/v2\/media\/489231"}],"wp:attachment":[{"href":"https:\/\/www.europesays.com\/fr\/wp-json\/wp\/v2\/media?parent=489230"}],"wp:term":[{"taxonomy":"category","embeddable":true,"href":"https:\/\/www.europesays.com\/fr\/wp-json\/wp\/v2\/categories?post=489230"},{"taxonomy":"post_tag","embeddable":true,"href":"https:\/\/www.europesays.com\/fr\/wp-json\/wp\/v2\/tags?post=489230"}],"curies":[{"name":"wp","href":"https:\/\/api.w.org\/{rel}","templated":true}]}}