{"id":489234,"date":"2025-10-25T14:41:15","date_gmt":"2025-10-25T14:41:15","guid":{"rendered":"https:\/\/www.europesays.com\/fr\/489234\/"},"modified":"2025-10-25T14:41:15","modified_gmt":"2025-10-25T14:41:15","slug":"marseille-cassis-tout-ce-quil-faut-savoir-sur-la-mythique-course-de-ce-dimanche","status":"publish","type":"post","link":"https:\/\/www.europesays.com\/fr\/489234\/","title":{"rendered":"Marseille-Cassis\u00a0:\u00a0tout ce qu&rsquo;il faut\u00a0savoir sur la mythique course de ce dimanche"},"content":{"rendered":"<p>Pour certains la 46e \u00e9dition de Marseille-Cassis, qui se d\u00e9roule ce dimanche 26\u00a0octobre, <a href=\"https:\/\/www.laprovence.com\/article\/sports\/2632520204485814\/marseille-cassis-champion-du-monde-du-10-000m-et-star-du-peloton-jimmy-gressier-en-detente-avant-la-course\" target=\"_blank\" rel=\"noopener\">sera une promenade de sant\u00e9,<\/a> mais pour une majorit\u00e9 de coureurs, l&rsquo;\u00e9v\u00e9nement demeure un v\u00e9ritable d\u00e9fi pr\u00e9par\u00e9 avec minutie depuis plusieurs mois. Si 20 000 personnes prendront le d\u00e9part devant le stade V\u00e9lodrome, plusieurs curieux auront \u00e0 c\u0153ur de soutenir leurs proches au plus pr\u00e8s du parcours ou \u00e0 l&rsquo;arriv\u00e9e. Pour pr\u00e9parer de la meilleure des mani\u00e8res votre course, La Provence vous rappelle tout ce qu&rsquo;il faut savoir.<\/p>\n<p>Le point de d\u00e9part<\/p>\n<p>Il s&rsquo;effectuera d\u00e8s 9h devant le stade V\u00e9lodrome, au niveau du boulevard Michelet. Attention, l&rsquo;acc\u00e8s \u00e0 la ligne de d\u00e9part se fera par l&rsquo;esplanade Ganay \u00e0 Marseille, acc\u00e8s par la Rue Raymond Teisseire, sur pr\u00e9sentation de votre dossard 2025 et d&rsquo;un bracelet de contr\u00f4le remis lors du retrait des dossards. Ce dernier devra imp\u00e9rativement \u00eatre port\u00e9 au poignet de chaque coureur inscrit afin d&rsquo;acc\u00e9der \u00e0 la zone de d\u00e9part. Aucun acc\u00e8s ne sera possible par le Rond-Point du Prado ou tout autre endroit.<\/p>\n<p>Pour les usagers des transports en commun, le d\u00e9part se trouve \u00e0 proximit\u00e9 de la station de m\u00e9tro Sainte-Marguerite Dromel (ligne M2).<\/p>\n<p>Un contr\u00f4le et une fouille de s\u00e9curit\u00e9 seront effectu\u00e9s avant l&rsquo;entr\u00e9e dans la zone (fermeture \u00e0 9h30). Les gourdes et les sacs d&rsquo;hydratation sont autoris\u00e9s. Les d\u00e9guisements le sont aussi, sous r\u00e9serve que le visage des participants soit visible dans son int\u00e9gralit\u00e9 et que le d\u00e9guisement choisi permette une palpation rapide.<\/p>\n<p><strong>Attention, au changement d&rsquo;heure. Le passage \u00e0 l&rsquo;heure d&rsquo;hiver se fera dans la nuit de ce samedi \u00e0 ce dimanche. \u00c0 3h du matin, il sera donc 2h !<\/strong><\/p>\n<p>Le d\u00e9part par vagues\u00a0<\/p>\n<p>Pour garantir la fluidit\u00e9 du peloton de coureurs, les 20 000 participants ne s&rsquo;\u00e9lanceront pas tous en m\u00eame temps. Le d\u00e9part s&rsquo;effectuera en trois vagues distinctes : le groupe 1<strong> <\/strong>(SAS Elites \/ 1h20 \/ 1h30), le groupe 2 (SAS 1h45) et le groupe 3 (le grand public).<\/p>\n<p>Les coureurs du groupe 1 et 2 acc\u00e9deront \u00e0 la ligne de d\u00e9part situ\u00e9e sur le Boulevard Michelet en empruntant l&rsquo;All\u00e9e Ray Grassi, situ\u00e9e \u00e0 la droite de l&rsquo;Orange V\u00e9lodrome, tandis que le grand public restera au pied du parvis.<\/p>\n<p><strong>R\u00e9partition des coureurs d&rsquo;allure au d\u00e9part :<\/strong><\/p>\n<p>Vague 1 : 1 coureur de 1h30<br \/>Vague 2 : 1 coureur de 1h30 \/ 1 coureur de 1h45<br \/>Vague 3 : 1 coureur de 1h45 \/ 1 coureur de 2h00 \/ 1 coureur de 2h15<br \/>Vague 4 : 1 coureur de 1h45 \/ 1 coureur de 2h00 \/ 1 coureur de 2h15<br \/>Vague 5 : 1 coureur de 1h45 \/ 1 coureur de 2h00 \/ 1 coureur de 2h15<br \/>Vague 6 : 1 coureur de 1h45 \/ 1 coureur de 2h00 \/ 1 coureur de 2h15<br \/>Vague 7 : 1 coureur de 1h45 \/ 1 coureur de 2h00 \/ 1 coureur de 2h15<br \/>Vague 8 : 1 coureur de 2h00 \/ 1 coureur de 2h15.<\/p>\n<p>Les Ravitaillements<\/p>\n<p>Les 20\u00a0000 courageux qui prendront le d\u00e9part pourront b\u00e9n\u00e9ficier de<strong>\u00a0<\/strong>3 ravitaillements sur le parcours ainsi que d&rsquo;un sac ravitaillement \u00e0 l&rsquo;arriv\u00e9e.<\/p>\n<p>Le premier se trouve au 5e kilom\u00e8tre au rond-point de Luminy, le second au 10e kilom\u00e8tre au niveau du col de la Gineste et le dernier au 15e kilom\u00e8tre \u00e0 Bois Joli.<\/p>\n<p>Pour suivre ses proches si vous n&rsquo;\u00eates pas sur les lieux<\/p>\n<p><strong>La Provence propose un live d\u00e8s 8h, avec toutes les infos, photos, vid\u00e9os et live de la course.<\/strong><\/p>\n<p><strong>Rendez-vous \u00e9galement sur : <\/strong><a href=\"https:\/\/www.marseille-cassis.com\/fr\/\" target=\"_blank\" rel=\"noopener\">www.marseille-cassis.com<\/a>.<\/p>\n<p>Possibilit\u00e9 de conna\u00eetre la position d&rsquo;un coureur aux 5e, 10e, 15e km et \u00e0 l&rsquo;arriv\u00e9e en saisissant son nom ou son num\u00e9ro de dossard.<\/p>\n<p>La remise des prix<\/p>\n<p>\u00c0 10h30 sur l&rsquo;aire d&rsquo;arriv\u00e9e, qui se trouve au niveau de l&rsquo;avenue des Albizzi, \u00e0 Cassis.<\/p>\n<p>Les transports\u00a0<\/p>\n<p><strong>Plusieurs autocars et trains seront\u00a0<\/strong>\u00e0 disposition des coureurs. Infos sur : <a href=\"https:\/\/www.marseille-cassis.com\/fr\/\" target=\"_blank\" rel=\"noopener\">www.marseille-cassis.com<\/a>.<\/p>\n<p>Les Restrictions de circulation et de stationnement<\/p>\n<p>Outre la Gineste ferm\u00e9e jusqu&rsquo;\u00e0 16h, <a href=\"https:\/\/www.laprovence.com\/article\/sports\/2141168266891514\/course-pedestre-marseille-cassis-les-restrictions-de-circulation-et-de-stationnement\" target=\"_blank\" rel=\"noopener\">plusieurs axes et rues sont ferm\u00e9s<\/a> et un plan \u00e0 la circulation et des r\u00e8gles au stationnement ont \u00e9t\u00e9 mis en place aussi bien sur Marseille que sur Cassis.\u00a0<\/p>\n<p>Plus d&rsquo;infos sur : <a href=\"https:\/\/www.marseille-cassis.com\/fr\/\" target=\"_blank\" rel=\"noopener\">www.marseille-cassis.com<\/a>.<\/p>\n<p>La m\u00e9t\u00e9o<\/p>\n<p>Enfin pour la m\u00e9t\u00e9o, les pr\u00e9visions n&rsquo;annoncent pas de pluie durant la course mais la pr\u00e9sence d&rsquo;importants nuages. Seule difficult\u00e9 \u00e0 pr\u00e9voir : le vent. Celui-ci devrait souffler dans le dos des coureurs durant leur ascension dans le col de la Gineste.<\/p>\n","protected":false},"excerpt":{"rendered":"Pour certains la 46e \u00e9dition de Marseille-Cassis, qui se d\u00e9roule ce dimanche 26\u00a0octobre, sera une promenade de sant\u00e9,&hellip;\n","protected":false},"author":2,"featured_media":489235,"comment_status":"","ping_status":"","sticky":false,"template":"","format":"standard","meta":{"footnotes":""},"categories":[2814],"tags":[17,1111,11,6466,6664,1777,674,61220,1011,27,884,61219,55390,12,882,18017,25,60,3356],"class_list":{"0":"post-489234","1":"post","2":"type-post","3":"status-publish","4":"format-standard","5":"has-post-thumbnail","7":"category-marseille","8":"tag-17","9":"tag-actu","10":"tag-actualites","11":"tag-course","12":"tag-dimanche","13":"tag-eu","14":"tag-europe","15":"tag-faut-savoir","16":"tag-fr","17":"tag-france","18":"tag-marseille","19":"tag-marseille-cassis-tout","20":"tag-mythique","21":"tag-news","22":"tag-provence-alpes-cote-dazur","23":"tag-quil","24":"tag-republique-francaise","25":"tag-sports","26":"tag-sur"},"share_on_mastodon":{"url":"https:\/\/pubeurope.com\/@fr\/115435332272229289","error":""},"_links":{"self":[{"href":"https:\/\/www.europesays.com\/fr\/wp-json\/wp\/v2\/posts\/489234","targetHints":{"allow":["GET"]}}],"collection":[{"href":"https:\/\/www.europesays.com\/fr\/wp-json\/wp\/v2\/posts"}],"about":[{"href":"https:\/\/www.europesays.com\/fr\/wp-json\/wp\/v2\/types\/post"}],"author":[{"embeddable":true,"href":"https:\/\/www.europesays.com\/fr\/wp-json\/wp\/v2\/users\/2"}],"replies":[{"embeddable":true,"href":"https:\/\/www.europesays.com\/fr\/wp-json\/wp\/v2\/comments?post=489234"}],"version-history":[{"count":0,"href":"https:\/\/www.europesays.com\/fr\/wp-json\/wp\/v2\/posts\/489234\/revisions"}],"wp:featuredmedia":[{"embeddable":true,"href":"https:\/\/www.europesays.com\/fr\/wp-json\/wp\/v2\/media\/489235"}],"wp:attachment":[{"href":"https:\/\/www.europesays.com\/fr\/wp-json\/wp\/v2\/media?parent=489234"}],"wp:term":[{"taxonomy":"category","embeddable":true,"href":"https:\/\/www.europesays.com\/fr\/wp-json\/wp\/v2\/categories?post=489234"},{"taxonomy":"post_tag","embeddable":true,"href":"https:\/\/www.europesays.com\/fr\/wp-json\/wp\/v2\/tags?post=489234"}],"curies":[{"name":"wp","href":"https:\/\/api.w.org\/{rel}","templated":true}]}}