{"id":489242,"date":"2025-10-25T14:46:10","date_gmt":"2025-10-25T14:46:10","guid":{"rendered":"https:\/\/www.europesays.com\/fr\/489242\/"},"modified":"2025-10-25T14:46:10","modified_gmt":"2025-10-25T14:46:10","slug":"mon-fils-est-mort-dans-un-hachoir-le-combat-des-parents-de-stanislas-face-au-silence-de-la-justice","status":"publish","type":"post","link":"https:\/\/www.europesays.com\/fr\/489242\/","title":{"rendered":"\u00ab Mon fils est mort dans un hachoir \u00bb : le combat des parents de Stanislas face au silence de la justice"},"content":{"rendered":"<p class=\"paragraph text_align_left lp-f-body-02\">Six ans et le silence. L\u2019enqu\u00eate sur la mort de leur fils Stanislas, 18 ans, happ\u00e9 par l\u2019h\u00e9lice d\u2019un hors-bord lors d\u2019un stage de<a href=\"https:\/\/www.leparisien.fr\/en-region\/la-cohabitation-a-toujours-ete-compliquee-la-tension-monte-entre-kitesurfeurs-et-pecheurs-sur-letang-dingril-23-06-2025-R54XWHRMQJAQLDHKKAUJ27O23U.php\" target=\"_self\" rel=\"nofollow noopener\"> kitesurf <\/a>\u00e0 l\u2019<a href=\"https:\/\/www.leparisien.fr\/finistere-29\/lecole-de-voile-des-glenans-a-lance-des-stages-100-feminins-cest-plus-securisant-23-05-2023-D332LRBJ2VCVPL6G4MKHMLRQ3Q.php\" target=\"_self\" rel=\"nofollow noopener\">\u00e9cole de voile des Gl\u00e9nans,<\/a> leur semble avoir disparu \u00ab sous une pile de dossiers \u00bb, quelque part au tribunal judiciaire de Quimper <a href=\"https:\/\/www.leparisien.fr\/finistere-29\/\" target=\"_self\" rel=\"nofollow noopener\">(Finist\u00e8re). <\/a><\/p>\n<p class=\"paragraph text_align_left lp-f-body-02\">Dans \u00ab l\u2019espoir que \u00e7a bouge \u00bb, Fr\u00e9d\u00e9rique et Fran\u00e7ois Renard ont d\u00e9cid\u00e9 d\u2019exprimer publiquement leur d\u00e9sarroi et leur col\u00e8re. \u00ab Nous avons v\u00e9cu un drame et nous n\u2019avons aucune nouvelle de la justice. On n\u2019en voit pas le bout. Cela devient tr\u00e8s tr\u00e8s lourd. On se sent compl\u00e8tement d\u00e9munis \u00bb, posent-ils.<\/p>\n","protected":false},"excerpt":{"rendered":"Six ans et le silence. L\u2019enqu\u00eate sur la mort de leur fils Stanislas, 18 ans, happ\u00e9 par l\u2019h\u00e9lice&hellip;\n","protected":false},"author":2,"featured_media":489243,"comment_status":"","ping_status":"","sticky":false,"template":"","format":"standard","meta":{"footnotes":""},"categories":[1888],"tags":[1111,1928,11,1927,459,1777,674,118,1011,27,12,1926,626,1925,25],"class_list":{"0":"post-489242","1":"post","2":"type-post","3":"status-publish","4":"format-standard","5":"has-post-thumbnail","7":"category-paris","8":"tag-actu","9":"tag-actu-paris","10":"tag-actualites","11":"tag-actualites-paris","12":"tag-departements-horsidfo","13":"tag-eu","14":"tag-europe","15":"tag-faits-divers","16":"tag-fr","17":"tag-france","18":"tag-news","19":"tag-news-paris","20":"tag-paris","21":"tag-paris-news","22":"tag-republique-francaise"},"share_on_mastodon":{"url":"https:\/\/pubeurope.com\/@fr\/115435351994504538","error":""},"_links":{"self":[{"href":"https:\/\/www.europesays.com\/fr\/wp-json\/wp\/v2\/posts\/489242","targetHints":{"allow":["GET"]}}],"collection":[{"href":"https:\/\/www.europesays.com\/fr\/wp-json\/wp\/v2\/posts"}],"about":[{"href":"https:\/\/www.europesays.com\/fr\/wp-json\/wp\/v2\/types\/post"}],"author":[{"embeddable":true,"href":"https:\/\/www.europesays.com\/fr\/wp-json\/wp\/v2\/users\/2"}],"replies":[{"embeddable":true,"href":"https:\/\/www.europesays.com\/fr\/wp-json\/wp\/v2\/comments?post=489242"}],"version-history":[{"count":0,"href":"https:\/\/www.europesays.com\/fr\/wp-json\/wp\/v2\/posts\/489242\/revisions"}],"wp:featuredmedia":[{"embeddable":true,"href":"https:\/\/www.europesays.com\/fr\/wp-json\/wp\/v2\/media\/489243"}],"wp:attachment":[{"href":"https:\/\/www.europesays.com\/fr\/wp-json\/wp\/v2\/media?parent=489242"}],"wp:term":[{"taxonomy":"category","embeddable":true,"href":"https:\/\/www.europesays.com\/fr\/wp-json\/wp\/v2\/categories?post=489242"},{"taxonomy":"post_tag","embeddable":true,"href":"https:\/\/www.europesays.com\/fr\/wp-json\/wp\/v2\/tags?post=489242"}],"curies":[{"name":"wp","href":"https:\/\/api.w.org\/{rel}","templated":true}]}}