{"id":489262,"date":"2025-10-25T14:56:15","date_gmt":"2025-10-25T14:56:15","guid":{"rendered":"https:\/\/www.europesays.com\/fr\/489262\/"},"modified":"2025-10-25T14:56:15","modified_gmt":"2025-10-25T14:56:15","slug":"atp-marion-bartoli-au-sujet-de-gael-monfils-a-toujours-eu-la-fausse-image-de-quelquun-de-nonchalant-or-cest-tout-le-contraire","status":"publish","type":"post","link":"https:\/\/www.europesays.com\/fr\/489262\/","title":{"rendered":"ATP > Marion Bartoli au sujet de Ga\u00ebl : \u00ab\u00a0Monfils a toujours eu la fausse image de quelqu&rsquo;un de nonchalant or c&rsquo;est tout le contraire\u00a0\u00bb"},"content":{"rendered":"<p>Pour la sortie de notre prochain maga\u00adzine papier de We Love Tennis, nous avons inter\u00adrog\u00e9 plusieurs t\u00e9moins dont Marion Bartoli. Evidemment, nous n\u2019avons pas pu \u00e9viter la ques\u00adtion du palmar\u00e8s de la \u00ab\u202fMonf\u202f\u00bb.<\/p>\n<p><strong>Qu\u2019est\u2010ce qui lui manqu\u00e9 pour glaner plus de grands titres\u202f?<\/strong><br \/>\u00ab\u202fNe pas jouer dans l\u2019\u00e8re de Federer, Nadal, Djokovic, Wawrinka, Murray, Del Potro, Berdych, Tsonga, et tous les autres. Il \u00e9tait dans la fameuse p\u00e9riode dor\u00e9e du tennis o\u00f9 il y avait beau\u00adcoup de joueurs talen\u00adtueux. Monfils a toujours eu la fausse image de quel\u00adqu\u2019un de noncha\u00adlant or c\u2019est tout le contraire et quand il \u00e9tait sur un court il \u00e9tait toujours tr\u00e8s impliqu\u00e9, tr\u00e8s concentr\u00e9. On s\u2019est entrain\u00e9 souvent \u00e0 Gen\u00e8ve et je l\u2019ai vu tr\u00e8s investi \u00e0 chaque fois. Je pense aussi que parfois il a jou\u00e9 de malchance sur certains fins de tour\u00adnois o\u00f9 il aurait pu aller plus loin. Apr\u00e8s ce type de ques\u00adtion est jour\u00adna\u00adlis\u00adtique. Plut\u00f4t que savoir pour\u00adquoi il n\u2019a pas gagn\u00e9 tel ou tel tournoi, on devrait d\u00e9j\u00e0 se r\u00e9jouir de ce qu\u2019il a accompli. De plus sa long\u00e9\u00advit\u00e9 est excep\u00adtion\u00adnelle, d\u2019\u00eatre arriv\u00e9 \u00e0 garder la flamme, de faire ses valises, d\u2019aimer encore autant le tennis apr\u00e8s tant d\u2019an\u00adn\u00e9es sur le tour, c\u2019est remarquable\u202f\u00bb<\/p>\n<p class=\"post-published-date\" style=\"color: silver; font-size: 75%; text-align: left;\">Publi\u00e9 le samedi 25 octobre 2025 \u00e0 16:27<\/p>\n","protected":false},"excerpt":{"rendered":"Pour la sortie de notre prochain maga\u00adzine papier de We Love Tennis, nous avons inter\u00adrog\u00e9 plusieurs t\u00e9moins dont&hellip;\n","protected":false},"author":2,"featured_media":489263,"comment_status":"","ping_status":"","sticky":false,"template":"","format":"standard","meta":{"footnotes":""},"categories":[1586],"tags":[11,4737,4738,105,1777,674,1779,2199,1011,27,3770,1960,12,25,1754,14828,1778,364],"class_list":{"0":"post-489262","1":"post","2":"type-post","3":"status-publish","4":"format-standard","5":"has-post-thumbnail","7":"category-europe","8":"tag-actualites","9":"tag-andy-murray","10":"tag-del-potro","11":"tag-djokovic","12":"tag-eu","13":"tag-europe","14":"tag-european-union","15":"tag-federer","16":"tag-fr","17":"tag-france","18":"tag-monfils","19":"tag-nadal","20":"tag-news","21":"tag-republique-francaise","22":"tag-stan-wawrinka","23":"tag-tsonga","24":"tag-ue","25":"tag-union-europeenne"},"share_on_mastodon":{"url":"https:\/\/pubeurope.com\/@fr\/115435391208868761","error":""},"_links":{"self":[{"href":"https:\/\/www.europesays.com\/fr\/wp-json\/wp\/v2\/posts\/489262","targetHints":{"allow":["GET"]}}],"collection":[{"href":"https:\/\/www.europesays.com\/fr\/wp-json\/wp\/v2\/posts"}],"about":[{"href":"https:\/\/www.europesays.com\/fr\/wp-json\/wp\/v2\/types\/post"}],"author":[{"embeddable":true,"href":"https:\/\/www.europesays.com\/fr\/wp-json\/wp\/v2\/users\/2"}],"replies":[{"embeddable":true,"href":"https:\/\/www.europesays.com\/fr\/wp-json\/wp\/v2\/comments?post=489262"}],"version-history":[{"count":0,"href":"https:\/\/www.europesays.com\/fr\/wp-json\/wp\/v2\/posts\/489262\/revisions"}],"wp:featuredmedia":[{"embeddable":true,"href":"https:\/\/www.europesays.com\/fr\/wp-json\/wp\/v2\/media\/489263"}],"wp:attachment":[{"href":"https:\/\/www.europesays.com\/fr\/wp-json\/wp\/v2\/media?parent=489262"}],"wp:term":[{"taxonomy":"category","embeddable":true,"href":"https:\/\/www.europesays.com\/fr\/wp-json\/wp\/v2\/categories?post=489262"},{"taxonomy":"post_tag","embeddable":true,"href":"https:\/\/www.europesays.com\/fr\/wp-json\/wp\/v2\/tags?post=489262"}],"curies":[{"name":"wp","href":"https:\/\/api.w.org\/{rel}","templated":true}]}}