{"id":489272,"date":"2025-10-25T15:03:15","date_gmt":"2025-10-25T15:03:15","guid":{"rendered":"https:\/\/www.europesays.com\/fr\/489272\/"},"modified":"2025-10-25T15:03:15","modified_gmt":"2025-10-25T15:03:15","slug":"coupe-davis-berretini-veut-finir-2025-en-trombe-et-envoie-un-message-a-son-ami-sinner-il-me-reste-deux-derniers-tournois-a-disputer-mais-pour-moi-levenement-peut-etre-le-plus-important-de-la","status":"publish","type":"post","link":"https:\/\/www.europesays.com\/fr\/489272\/","title":{"rendered":"Coupe Davis > Berretini veut finir 2025 en trombe, et envoie un message \u00e0 son ami Sinner : \u00ab\u00a0Il me reste deux derniers tournois \u00e0 disputer, mais pour moi, l&rsquo;\u00e9v\u00e9nement peut-\u00eatre le plus important de la saison, la Coupe Davis\u00a0\u00bb"},"content":{"rendered":"<p>61\u00e8me \u00e0 l\u2019ATP, Matteo a \u00e9t\u00e9 battu hier en quart de finale \u00e0 Vienne par Alex de Minaur en deux sets\u00a0: 6\u20131, 7\u20136 (4). S\u2019il devrait s\u2019ali\u00adgner \u00e0 Paris pour les quali\u00adfi\u00adca\u00adtions, il a surtout en t\u00eate un autre ev\u00e8nement.<\/p>\n<p>\u00ab\u202f<strong>On d\u00e9ci\u00addera pour Paris\u2010Bercy dans les prochaines heures. Je suis cens\u00e9 y disputer les quali\u00adfi\u00adca\u00adtions, et \u00e7a commence demain, donc ce n\u2019est pas une d\u00e9ci\u00adsion facile. D\u2019un c\u00f4t\u00e9, j\u2019ai vrai\u00adment h\u00e2te de jouer, mais je dois aussi g\u00e9rer ces deux m\u00e8tres. Ensuite, je suis programm\u00e9 pour Metz, donc il me reste les deux derniers tour\u00adnois de l\u2019ann\u00e9e, et pour moi, l\u2019\u00e9v\u00e9\u00adne\u00adment peut\u2010\u00eatre le plus impor\u00adtant de la saison, la Coupe Davis. J\u2019aimerais essayer de jouer autant que possible et d\u2019ar\u00adriver en bonne forme pour cet \u00e9v\u00e9nement\u202f\u00bb<\/strong><\/p>\n<p class=\"post-published-date\" style=\"color: silver; font-size: 75%; text-align: left;\">Publi\u00e9 le samedi 25 octobre 2025 \u00e0 15:50<\/p>\n","protected":false},"excerpt":{"rendered":"61\u00e8me \u00e0 l\u2019ATP, Matteo a \u00e9t\u00e9 battu hier en quart de finale \u00e0 Vienne par Alex de Minaur&hellip;\n","protected":false},"author":2,"featured_media":489273,"comment_status":"","ping_status":"","sticky":false,"template":"","format":"standard","meta":{"footnotes":""},"categories":[1415],"tags":[1011,27,2127,60,1467],"class_list":{"0":"post-489272","1":"post","2":"type-post","3":"status-publish","4":"format-standard","5":"has-post-thumbnail","7":"category-tennis","8":"tag-fr","9":"tag-france","10":"tag-sinner","11":"tag-sports","12":"tag-tennis"},"share_on_mastodon":{"url":"https:\/\/pubeurope.com\/@fr\/115435418580013703","error":""},"_links":{"self":[{"href":"https:\/\/www.europesays.com\/fr\/wp-json\/wp\/v2\/posts\/489272","targetHints":{"allow":["GET"]}}],"collection":[{"href":"https:\/\/www.europesays.com\/fr\/wp-json\/wp\/v2\/posts"}],"about":[{"href":"https:\/\/www.europesays.com\/fr\/wp-json\/wp\/v2\/types\/post"}],"author":[{"embeddable":true,"href":"https:\/\/www.europesays.com\/fr\/wp-json\/wp\/v2\/users\/2"}],"replies":[{"embeddable":true,"href":"https:\/\/www.europesays.com\/fr\/wp-json\/wp\/v2\/comments?post=489272"}],"version-history":[{"count":0,"href":"https:\/\/www.europesays.com\/fr\/wp-json\/wp\/v2\/posts\/489272\/revisions"}],"wp:featuredmedia":[{"embeddable":true,"href":"https:\/\/www.europesays.com\/fr\/wp-json\/wp\/v2\/media\/489273"}],"wp:attachment":[{"href":"https:\/\/www.europesays.com\/fr\/wp-json\/wp\/v2\/media?parent=489272"}],"wp:term":[{"taxonomy":"category","embeddable":true,"href":"https:\/\/www.europesays.com\/fr\/wp-json\/wp\/v2\/categories?post=489272"},{"taxonomy":"post_tag","embeddable":true,"href":"https:\/\/www.europesays.com\/fr\/wp-json\/wp\/v2\/tags?post=489272"}],"curies":[{"name":"wp","href":"https:\/\/api.w.org\/{rel}","templated":true}]}}