{"id":489278,"date":"2025-10-25T15:09:10","date_gmt":"2025-10-25T15:09:10","guid":{"rendered":"https:\/\/www.europesays.com\/fr\/489278\/"},"modified":"2025-10-25T15:09:10","modified_gmt":"2025-10-25T15:09:10","slug":"on-ne-sait-rien-sur-elle-qui-est-ptite-soeur-la-mysterieuse-rappeuse-trans-qui-fait-beaucoup-parler","status":"publish","type":"post","link":"https:\/\/www.europesays.com\/fr\/489278\/","title":{"rendered":"\u00ab\u00a0On ne sait rien sur elle\u00a0\u00bb\u00a0: qui est Ptite S\u0153ur, la myst\u00e9rieuse rappeuse trans qui fait beaucoup parler\u00a0?"},"content":{"rendered":"<p class=\"paragraph text_align_left lp-f-body-02\">C\u2019est la deuxi\u00e8me fois qu\u2019elle se produit au Gr\u00fcnt et la premi\u00e8re depuis la sortie de son troisi\u00e8me album, \u00ab Pretty Dollcorpse \u00bb, il y a deux semaines. Cette artiste inconnue du grand public a surpris et impressionn\u00e9 en se retrouvant dans le top 10 des ventes et \u00e9coutes en streaming d\u00e8s la premi\u00e8re semaine. Sans aucune promotion ni m\u00e9diatisation, puisqu\u2019elle ne donne aucune interview. On ne sait ni son identit\u00e9, ni son \u00e2ge, ni sa r\u00e9gion. Rien.<\/p>\n","protected":false},"excerpt":{"rendered":"C\u2019est la deuxi\u00e8me fois qu\u2019elle se produit au Gr\u00fcnt et la premi\u00e8re depuis la sortie de son troisi\u00e8me&hellip;\n","protected":false},"author":2,"featured_media":489279,"comment_status":"","ping_status":"","sticky":false,"template":"","format":"standard","meta":{"footnotes":""},"categories":[1359],"tags":[872,58,59,1011,27,873,973],"class_list":{"0":"post-489278","1":"post","2":"type-post","3":"status-publish","4":"format-standard","5":"has-post-thumbnail","7":"category-people","8":"tag-culture-et-loisirs","9":"tag-divertissement","10":"tag-entertainment","11":"tag-fr","12":"tag-france","13":"tag-musique","14":"tag-people"},"share_on_mastodon":{"url":"https:\/\/pubeurope.com\/@fr\/115435442317287192","error":""},"_links":{"self":[{"href":"https:\/\/www.europesays.com\/fr\/wp-json\/wp\/v2\/posts\/489278","targetHints":{"allow":["GET"]}}],"collection":[{"href":"https:\/\/www.europesays.com\/fr\/wp-json\/wp\/v2\/posts"}],"about":[{"href":"https:\/\/www.europesays.com\/fr\/wp-json\/wp\/v2\/types\/post"}],"author":[{"embeddable":true,"href":"https:\/\/www.europesays.com\/fr\/wp-json\/wp\/v2\/users\/2"}],"replies":[{"embeddable":true,"href":"https:\/\/www.europesays.com\/fr\/wp-json\/wp\/v2\/comments?post=489278"}],"version-history":[{"count":0,"href":"https:\/\/www.europesays.com\/fr\/wp-json\/wp\/v2\/posts\/489278\/revisions"}],"wp:featuredmedia":[{"embeddable":true,"href":"https:\/\/www.europesays.com\/fr\/wp-json\/wp\/v2\/media\/489279"}],"wp:attachment":[{"href":"https:\/\/www.europesays.com\/fr\/wp-json\/wp\/v2\/media?parent=489278"}],"wp:term":[{"taxonomy":"category","embeddable":true,"href":"https:\/\/www.europesays.com\/fr\/wp-json\/wp\/v2\/categories?post=489278"},{"taxonomy":"post_tag","embeddable":true,"href":"https:\/\/www.europesays.com\/fr\/wp-json\/wp\/v2\/tags?post=489278"}],"curies":[{"name":"wp","href":"https:\/\/api.w.org\/{rel}","templated":true}]}}