{"id":489298,"date":"2025-10-25T15:20:11","date_gmt":"2025-10-25T15:20:11","guid":{"rendered":"https:\/\/www.europesays.com\/fr\/489298\/"},"modified":"2025-10-25T15:20:11","modified_gmt":"2025-10-25T15:20:11","slug":"voici-l-uss-gerald-r-ford-le-porte-avions-geant-envoye-par-trump-dans-les-caraibes-contre-le-narcotrafic","status":"publish","type":"post","link":"https:\/\/www.europesays.com\/fr\/489298\/","title":{"rendered":"Voici l&rsquo;\u00ab\u00a0USS Gerald R. Ford\u00a0\u00bb, le porte-avions g\u00e9ant envoy\u00e9 par Trump dans les Cara\u00efbes contre le narcotrafic"},"content":{"rendered":"<p> \u00abLa plus comp\u00e9tente, adaptable et l\u00e9tale plateforme de combat au monde\u00a0\u00bb. On croirait entendre une r\u00e9plique de la saga Expendables, mais c\u2019est la description que fait l\u2019arm\u00e9e <a href=\"https:\/\/www.20minutes.fr\/monde\/etats-unis\/\" class=\"c-link c-link--is-underlined\" rel=\"nofollow noopener\" target=\"_blank\">am\u00e9ricaine<\/a> de son joyau naval, le porte-avions USS Gerald R. Ford, <a href=\"https:\/\/edition.cnn.com\/2025\/10\/25\/americas\/aircraft-carrier-uss-gerald-ford-profile-intl-hnk-ml\" rel=\"nofollow noopener\" target=\"_blank\" class=\"c-link c-link--is-underlined\">comme le rapporte CNN<\/a>. C\u2019est ce monstre des mers que <a href=\"https:\/\/www.20minutes.fr\/dossier\/donald_trump\" class=\"c-link c-link--is-underlined\" rel=\"nofollow noopener\" target=\"_blank\">Donald Trump<\/a> a d\u00e9cid\u00e9 d\u2019envoyer dans les Cara\u00efbes pour &#8211; officiellement &#8211; lutter contre le narcotrafic.<\/p>\n<\/p>\n<p>Depuis d\u00e9but septembre, au moins dix frappes am\u00e9ricaines ont \u00e9t\u00e9 men\u00e9es dans le secteur et dans le Pacifique <a href=\"https:\/\/www.20minutes.fr\/monde\/etats-unis\/4181516-20251024-etats-unis-guerre-contre-narcotrafic-trump-envoie-porte-amerique-latine\" class=\"c-link c-link--is-underlined\" rel=\"nofollow noopener\" target=\"_blank\">contre des embarcations pr\u00e9sent\u00e9es comme celles de narcos<\/a>, entra\u00eenant la mort d\u2019au moins 43 personnes. Washington veut donc aller plus loin pour, dixit le Pentagone, \u00ab\u00a0consolider la capacit\u00e9 des Etats-Unis \u00e0 d\u00e9tecter, surveiller et stopper acteurs et activit\u00e9s illicites\u00a0\u00bb.<\/p>\n<p>4.500 personnes \u00e0 bord\u2026 mais pas le F-35C<\/p>\n<p>Pour vous parler bri\u00e8vement du USS Gerald R. Ford, rien de plus simple\u00a0: il s\u2019agit du plus grand porte-avions du monde (et donc du plus grand navire de guerre du monde). Il mesure 337 m\u00e8tres de long (un peu plus que la Tour Eiffel couch\u00e9e dans l\u2019eau) pour un peu moins de 80 m\u00e8tres de large, et p\u00e8se 100.000 tonnes. Le Ford, propuls\u00e9 par deux moteurs nucl\u00e9aires, peut accueillir environ 4.500 membres d\u2019\u00e9quipages, plus de 70 avions ou h\u00e9licopt\u00e8res de combat. Mais pas le r\u00e9cent <a href=\"https:\/\/www.20minutes.fr\/societe\/4179250-20251015-defense-f-35-americains-belgique-dezingue-france-rafale\" class=\"c-link c-link--is-underlined\" rel=\"nofollow noopener\" target=\"_blank\">F-35C<\/a>, un chasseur furtif.<\/p>\n<p>Le Ford est aussi le premier n\u00e9 de la nouvelle g\u00e9n\u00e9ration des portes-avions am\u00e9ricains, qui remplacent peu \u00e0 peu la classe des Nimitz. Mis en service en\u00a02017, il n\u2019a en r\u00e9alit\u00e9 pris part \u00e0 de vraies op\u00e9rations qu\u2019\u00e0 compter de\u00a02022. Enfin, sachez qu\u2019il a comme ses fr\u00e8res g\u00e9ants <a href=\"https:\/\/www.airlant.usff.navy.mil\/cvn78\/\" rel=\"nofollow noopener\" target=\"_blank\" class=\"c-link c-link--is-underlined\">une devise (et un \u00e9cusson) <\/a>\u00ab\u00a0Integrity at the helm\u00a0\u00bb ( \u00ab\u00a0L\u2019int\u00e9grit\u00e9 \u00e0 la barre\u00a0\u00bb).<\/p>\n","protected":false},"excerpt":{"rendered":"\u00abLa plus comp\u00e9tente, adaptable et l\u00e9tale plateforme de combat au monde\u00a0\u00bb. On croirait entendre une r\u00e9plique de la&hellip;\n","protected":false},"author":2,"featured_media":489299,"comment_status":"","ping_status":"","sticky":false,"template":"","format":"standard","meta":{"footnotes":""},"categories":[5],"tags":[47,11,47979,75,73,1011,27,1146,14,74,813,11678,12,1068,2744,28],"class_list":{"0":"post-489298","1":"post","2":"type-post","3":"status-publish","4":"format-standard","5":"has-post-thumbnail","7":"category-international","8":"tag-actualite","9":"tag-actualites","10":"tag-caraibes","11":"tag-donald-trump","12":"tag-etats-unis","13":"tag-fr","14":"tag-france","15":"tag-guerre","16":"tag-international","17":"tag-monde","18":"tag-narcotrafiquants","19":"tag-navire","20":"tag-news","21":"tag-pentagone","22":"tag-washington","23":"tag-world"},"share_on_mastodon":{"url":"https:\/\/pubeurope.com\/@fr\/115435485496034673","error":""},"_links":{"self":[{"href":"https:\/\/www.europesays.com\/fr\/wp-json\/wp\/v2\/posts\/489298","targetHints":{"allow":["GET"]}}],"collection":[{"href":"https:\/\/www.europesays.com\/fr\/wp-json\/wp\/v2\/posts"}],"about":[{"href":"https:\/\/www.europesays.com\/fr\/wp-json\/wp\/v2\/types\/post"}],"author":[{"embeddable":true,"href":"https:\/\/www.europesays.com\/fr\/wp-json\/wp\/v2\/users\/2"}],"replies":[{"embeddable":true,"href":"https:\/\/www.europesays.com\/fr\/wp-json\/wp\/v2\/comments?post=489298"}],"version-history":[{"count":0,"href":"https:\/\/www.europesays.com\/fr\/wp-json\/wp\/v2\/posts\/489298\/revisions"}],"wp:featuredmedia":[{"embeddable":true,"href":"https:\/\/www.europesays.com\/fr\/wp-json\/wp\/v2\/media\/489299"}],"wp:attachment":[{"href":"https:\/\/www.europesays.com\/fr\/wp-json\/wp\/v2\/media?parent=489298"}],"wp:term":[{"taxonomy":"category","embeddable":true,"href":"https:\/\/www.europesays.com\/fr\/wp-json\/wp\/v2\/categories?post=489298"},{"taxonomy":"post_tag","embeddable":true,"href":"https:\/\/www.europesays.com\/fr\/wp-json\/wp\/v2\/tags?post=489298"}],"curies":[{"name":"wp","href":"https:\/\/api.w.org\/{rel}","templated":true}]}}