{"id":489305,"date":"2025-10-25T15:25:17","date_gmt":"2025-10-25T15:25:17","guid":{"rendered":"https:\/\/www.europesays.com\/fr\/489305\/"},"modified":"2025-10-25T15:25:17","modified_gmt":"2025-10-25T15:25:17","slug":"malzeville-le-bus-de-lentreprenariat-a-saint-michel-jericho","status":"publish","type":"post","link":"https:\/\/www.europesays.com\/fr\/489305\/","title":{"rendered":"Malz\u00e9ville. Le bus de l\u2019entreprenariat \u00e0 Saint-Michel J\u00e9richo"},"content":{"rendered":"<p>Le bus de l\u2019entrepreneuriat a \u00e9t\u00e9 accueilli par le pr\u00e9sident du SIVU, Jean-Pierre Rouillon, sur le march\u00e9 \u00ab\u00a0Place \u00e0 VivreS\u00a0\u00bb de Lortie, sur le parvis du centre social Saint-Michel J\u00e9richo.<\/p>\n<p>C\u2019est un bureau itin\u00e9rant r\u00e9unissant les professionnels comme Citelab, le Carrefour de l\u2019entreprenariat, l\u2019ADIE, Alexi, cr\u00e9\u00e9 pour informer et guider des porteurs de projets de cr\u00e9ation, de reprise ou de d\u00e9veloppement d\u2019entreprises.<\/p>\n<p class=\"note\">Il sera \u00e0 nouveau l\u00e0 mercredi 29\u00a0octobre au matin.<\/p>\n","protected":false},"excerpt":{"rendered":"Le bus de l\u2019entrepreneuriat a \u00e9t\u00e9 accueilli par le pr\u00e9sident du SIVU, Jean-Pierre Rouillon, sur le march\u00e9 \u00ab\u00a0Place&hellip;\n","protected":false},"author":2,"featured_media":489306,"comment_status":"","ping_status":"","sticky":false,"template":"","format":"standard","meta":{"footnotes":""},"categories":[9635],"tags":[1111,11,33,1704,1777,674,1011,27,775,11259,11260,1702,12,25],"class_list":{"0":"post-489305","1":"post","2":"type-post","3":"status-publish","4":"format-standard","5":"has-post-thumbnail","7":"category-nancy","8":"tag-actu","9":"tag-actualites","10":"tag-economie","11":"tag-edition-nancy-et-agglomeration","12":"tag-eu","13":"tag-europe","14":"tag-fr","15":"tag-france","16":"tag-grand-est","17":"tag-malzeville","18":"tag-metropole-du-grand-nancy-54b4","19":"tag-nancy","20":"tag-news","21":"tag-republique-francaise"},"share_on_mastodon":{"url":"https:\/\/pubeurope.com\/@fr\/115435505156179778","error":""},"_links":{"self":[{"href":"https:\/\/www.europesays.com\/fr\/wp-json\/wp\/v2\/posts\/489305","targetHints":{"allow":["GET"]}}],"collection":[{"href":"https:\/\/www.europesays.com\/fr\/wp-json\/wp\/v2\/posts"}],"about":[{"href":"https:\/\/www.europesays.com\/fr\/wp-json\/wp\/v2\/types\/post"}],"author":[{"embeddable":true,"href":"https:\/\/www.europesays.com\/fr\/wp-json\/wp\/v2\/users\/2"}],"replies":[{"embeddable":true,"href":"https:\/\/www.europesays.com\/fr\/wp-json\/wp\/v2\/comments?post=489305"}],"version-history":[{"count":0,"href":"https:\/\/www.europesays.com\/fr\/wp-json\/wp\/v2\/posts\/489305\/revisions"}],"wp:featuredmedia":[{"embeddable":true,"href":"https:\/\/www.europesays.com\/fr\/wp-json\/wp\/v2\/media\/489306"}],"wp:attachment":[{"href":"https:\/\/www.europesays.com\/fr\/wp-json\/wp\/v2\/media?parent=489305"}],"wp:term":[{"taxonomy":"category","embeddable":true,"href":"https:\/\/www.europesays.com\/fr\/wp-json\/wp\/v2\/categories?post=489305"},{"taxonomy":"post_tag","embeddable":true,"href":"https:\/\/www.europesays.com\/fr\/wp-json\/wp\/v2\/tags?post=489305"}],"curies":[{"name":"wp","href":"https:\/\/api.w.org\/{rel}","templated":true}]}}