{"id":489317,"date":"2025-10-25T15:35:19","date_gmt":"2025-10-25T15:35:19","guid":{"rendered":"https:\/\/www.europesays.com\/fr\/489317\/"},"modified":"2025-10-25T15:35:19","modified_gmt":"2025-10-25T15:35:19","slug":"grenoble-du-rock-francais-au-profit-des-restos-du-coeur-le-26-novembre","status":"publish","type":"post","link":"https:\/\/www.europesays.com\/fr\/489317\/","title":{"rendered":"Grenoble. Du rock fran\u00e7ais au profit des Restos du c\u0153ur, le 26\u00a0novembre"},"content":{"rendered":"<p>Forte de son succ\u00e8s en 2024, la tourn\u00e9e du c\u0153ur reviendra \u00e0 la Belle \u00c9lectrique pour un concert caritatif au profit des restos du c\u0153ur. La pr\u00e9c\u00e9dente \u00e9dition a pu financer 150\u00a0000 repas. Pour cette nouvelle \u00e9dition, un triple plateau avec le rock celtique de Celkilt, le rock humoristique du groupe Les Trois fromages et la pop punk de Mirabelle.<\/p>\n<p class=\"note\">Le mercredi 26\u00a0novembre \u00e0 20\u00a0h. \u00c0 partir de 23\u00a0euros.<\/p>\n","protected":false},"excerpt":{"rendered":"Forte de son succ\u00e8s en 2024, la tourn\u00e9e du c\u0153ur reviendra \u00e0 la Belle \u00c9lectrique pour un concert&hellip;\n","protected":false},"author":2,"featured_media":489318,"comment_status":"","ping_status":"","sticky":false,"template":"","format":"standard","meta":{"footnotes":""},"categories":[9566],"tags":[1111,11,2430,1687,112,1777,674,1011,27,2731,2732,873,12,25],"class_list":{"0":"post-489317","1":"post","2":"type-post","3":"status-publish","4":"format-standard","5":"has-post-thumbnail","7":"category-grenoble","8":"tag-actu","9":"tag-actualites","10":"tag-auvergne-rhone-alpes","11":"tag-culture-loisirs","12":"tag-edition-grenoble-agglomeration","13":"tag-eu","14":"tag-europe","15":"tag-fr","16":"tag-france","17":"tag-grenoble","18":"tag-grenoble-bassin","19":"tag-musique","20":"tag-news","21":"tag-republique-francaise"},"share_on_mastodon":{"url":"https:\/\/pubeurope.com\/@fr\/115435544594154188","error":""},"_links":{"self":[{"href":"https:\/\/www.europesays.com\/fr\/wp-json\/wp\/v2\/posts\/489317","targetHints":{"allow":["GET"]}}],"collection":[{"href":"https:\/\/www.europesays.com\/fr\/wp-json\/wp\/v2\/posts"}],"about":[{"href":"https:\/\/www.europesays.com\/fr\/wp-json\/wp\/v2\/types\/post"}],"author":[{"embeddable":true,"href":"https:\/\/www.europesays.com\/fr\/wp-json\/wp\/v2\/users\/2"}],"replies":[{"embeddable":true,"href":"https:\/\/www.europesays.com\/fr\/wp-json\/wp\/v2\/comments?post=489317"}],"version-history":[{"count":0,"href":"https:\/\/www.europesays.com\/fr\/wp-json\/wp\/v2\/posts\/489317\/revisions"}],"wp:featuredmedia":[{"embeddable":true,"href":"https:\/\/www.europesays.com\/fr\/wp-json\/wp\/v2\/media\/489318"}],"wp:attachment":[{"href":"https:\/\/www.europesays.com\/fr\/wp-json\/wp\/v2\/media?parent=489317"}],"wp:term":[{"taxonomy":"category","embeddable":true,"href":"https:\/\/www.europesays.com\/fr\/wp-json\/wp\/v2\/categories?post=489317"},{"taxonomy":"post_tag","embeddable":true,"href":"https:\/\/www.europesays.com\/fr\/wp-json\/wp\/v2\/tags?post=489317"}],"curies":[{"name":"wp","href":"https:\/\/api.w.org\/{rel}","templated":true}]}}