{"id":489319,"date":"2025-10-25T15:36:17","date_gmt":"2025-10-25T15:36:17","guid":{"rendered":"https:\/\/www.europesays.com\/fr\/489319\/"},"modified":"2025-10-25T15:36:17","modified_gmt":"2025-10-25T15:36:17","slug":"un-homme-est-mort-apres-une-bagarre-sur-fond-dalcool-a-la-sortie-dun-bar","status":"publish","type":"post","link":"https:\/\/www.europesays.com\/fr\/489319\/","title":{"rendered":"un homme est mort apr\u00e8s une bagarre sur fond d&rsquo;alcool \u00e0 la sortie d&rsquo;un bar"},"content":{"rendered":"<p>            Par<br \/>\n        <strong><br \/>\n            <a href=\"https:\/\/actu.fr\/auteur\/brian-legoff\" title=\"Consulter tous les articles de Brian Le Goff\" rel=\"nofollow noopener\" target=\"_blank\">Brian Le Goff<\/a><br \/>\n        <\/strong><\/p>\n<p>        Publi\u00e9 le<\/p>\n<p>            25 oct. 2025 \u00e0 16h39        <\/p>\n<p>Un<strong> homme est mort<\/strong> apr\u00e8s une bagarre sur fond d\u2019<a href=\"https:\/\/actu.fr\/tag\/alcool\" rel=\"nofollow noopener\" target=\"_blank\">alcool<\/a>, samedi\u00a025 octobres, <strong>un peu avant 1h30 du matin<\/strong>, indique la gendarmerie \u00e0 <a href=\"https:\/\/actu.fr\/rennes\/\" rel=\"nofollow noopener\" target=\"_blank\">actu Rennes<\/a>, confirmant <a href=\"https:\/\/www.francebleu.fr\/infos\/faits-divers-justice\/ca-m-a-choque-un-homme-de-57-ans-tue-a-la-sortie-d-un-bar-a-montauban-de-bretagne-4472420\" rel=\"nofollow noopener\" target=\"_blank\">Ici<\/a>.<\/p>\n<p>Un \u00e9change de coups<\/p>\n<p class=\" wall-content\">Si les circonstances restent encore floues, un <strong>\u00e9change de coups<\/strong> entre plusieurs clients largement alcoolis\u00e9s du bar aurait eu lieu.<\/p>\n<p class=\" wall-content\">La victime, \u00e2g\u00e9e de <strong>47\u00a0ans<\/strong>, est tomb\u00e9e au sol. \u00ab\u2009On ne sait pas encore si elle a \u00e9t\u00e9 d\u00e9s\u00e9quilibr\u00e9e au vu de son \u00e9tat ou si elle a \u00e9t\u00e9 bouscul\u00e9e, pouss\u00e9e ou re\u00e7ue un coup\u2009\u00bb, pr\u00e9cise une source de gendarmerie.<\/p>\n<p>En arr\u00eat cardiaque<\/p>\n<p class=\" wall-content\">Le quadrag\u00e9naire s\u2019est retrouv\u00e9 en tout \u00e9tat de cause en<strong> arr\u00eat cardiaque<\/strong> devant le bar. Un <strong>massage a \u00e9t\u00e9 entam\u00e9<\/strong> par des t\u00e9moins, avant qu\u2019un gendarme ne prenne le relais avant l\u2019arriv\u00e9e des pompiers et du Samu.<\/p>\n<p class=\" wall-content\">\u00c0 <strong>2h29 du matin, la victime a \u00e9t\u00e9 d\u00e9clar\u00e9e d\u00e9c\u00e9d\u00e9e<\/strong> par le m\u00e9decin urgentiste.<\/p>\n<p>Un jeune homme en garde \u00e0 vue<\/p>\n<p class=\" wall-content\">Une enqu\u00eate est en cours \u00ab\u2009pour d\u00e9m\u00ealer qui a fait quoi\u2009\u00bb. Elle est men\u00e9e par la brigade de recherches de Montfort-sur-Meu avec l\u2019appui d\u2019un<strong> technicien en identification criminelle<\/strong> du groupement de gendarmerie de Rennes.<\/p>\n<p>Votre r\u00e9gion, votre actu !<\/p>\n<p>Recevez chaque jour les infos qui comptent pour vous.<\/p>\n<p>\t<a href=\"https:\/\/actu.fr\/newsletter\" class=\"ac-btn ac-btn--corner ac-btn--medium ac-btn--blue800\" rel=\"nofollow noopener\" target=\"_blank\">S&rsquo;incrire<\/a><\/p>\n<p class=\" wall-content\"><strong>Dix personnels<\/strong> de gendarmerie sont <strong>mobilis\u00e9s<\/strong> sur cette affaire. Un<strong> homme de 23\u00a0ans a \u00e9t\u00e9 plac\u00e9 en garde \u00e0 vue<\/strong> et les auditions de t\u00e9moins se poursuivent.<\/p>\n<p class=\" wall-content\">Personnalisez votre actualit\u00e9 en ajoutant vos villes et m\u00e9dias en favori avec <a href=\"https:\/\/moncompte.actu.fr\" title=\"D\u00e9couvez Mon Actu\" rel=\"nofollow noopener\" data-trk=\"{&quot;cta&quot;:{&quot;action&quot;:&quot;https:\\\/\\\/moncompte.actu.fr&quot;,&quot;category&quot;:&quot;mon compte&quot;,&quot;from&quot;:&quot;article footer&quot;,&quot;name&quot;:&quot;Mon actu&quot;,&quot;type&quot;:&quot;cta&quot;}}\" target=\"_blank\">Mon Actu<\/a>.<\/p>\n","protected":false},"excerpt":{"rendered":"Par Brian Le Goff Publi\u00e9 le 25 oct. 2025 \u00e0 16h39 Un homme est mort apr\u00e8s une bagarre&hellip;\n","protected":false},"author":2,"featured_media":489320,"comment_status":"","ping_status":"","sticky":false,"template":"","format":"standard","meta":{"footnotes":""},"categories":[2821],"tags":[1111,11,5702,829,1777,674,118,1011,27,3381,12,584,25],"class_list":{"0":"post-489319","1":"post","2":"type-post","3":"status-publish","4":"format-standard","5":"has-post-thumbnail","7":"category-rennes","8":"tag-actu","9":"tag-actualites","10":"tag-alcool","11":"tag-bretagne","12":"tag-eu","13":"tag-europe","14":"tag-faits-divers","15":"tag-fr","16":"tag-france","17":"tag-gendarmerie","18":"tag-news","19":"tag-rennes","20":"tag-republique-francaise"},"share_on_mastodon":{"url":"https:\/\/pubeurope.com\/@fr\/115435548422118428","error":""},"_links":{"self":[{"href":"https:\/\/www.europesays.com\/fr\/wp-json\/wp\/v2\/posts\/489319","targetHints":{"allow":["GET"]}}],"collection":[{"href":"https:\/\/www.europesays.com\/fr\/wp-json\/wp\/v2\/posts"}],"about":[{"href":"https:\/\/www.europesays.com\/fr\/wp-json\/wp\/v2\/types\/post"}],"author":[{"embeddable":true,"href":"https:\/\/www.europesays.com\/fr\/wp-json\/wp\/v2\/users\/2"}],"replies":[{"embeddable":true,"href":"https:\/\/www.europesays.com\/fr\/wp-json\/wp\/v2\/comments?post=489319"}],"version-history":[{"count":0,"href":"https:\/\/www.europesays.com\/fr\/wp-json\/wp\/v2\/posts\/489319\/revisions"}],"wp:featuredmedia":[{"embeddable":true,"href":"https:\/\/www.europesays.com\/fr\/wp-json\/wp\/v2\/media\/489320"}],"wp:attachment":[{"href":"https:\/\/www.europesays.com\/fr\/wp-json\/wp\/v2\/media?parent=489319"}],"wp:term":[{"taxonomy":"category","embeddable":true,"href":"https:\/\/www.europesays.com\/fr\/wp-json\/wp\/v2\/categories?post=489319"},{"taxonomy":"post_tag","embeddable":true,"href":"https:\/\/www.europesays.com\/fr\/wp-json\/wp\/v2\/tags?post=489319"}],"curies":[{"name":"wp","href":"https:\/\/api.w.org\/{rel}","templated":true}]}}