{"id":489323,"date":"2025-10-25T15:39:32","date_gmt":"2025-10-25T15:39:32","guid":{"rendered":"https:\/\/www.europesays.com\/fr\/489323\/"},"modified":"2025-10-25T15:39:32","modified_gmt":"2025-10-25T15:39:32","slug":"feter-halloween-avec-une-raclette-a-volonte-a-strasbourg-cest-possible","status":"publish","type":"post","link":"https:\/\/www.europesays.com\/fr\/489323\/","title":{"rendered":"F\u00eater Halloween avec une raclette \u00e0 volont\u00e9 ? \u00c0 Strasbourg, c\u2019est possible !"},"content":{"rendered":"<p>    <img loading=\"lazy\" width=\"1800\" height=\"900\" src=\"https:\/\/www.europesays.com\/fr\/wp-content\/uploads\/2025\/08\/jeanne-callthepolice.jpg\" class=\"attachment-full size-full\" alt=\"\" id=\"imageLove\" decoding=\"async\"  \/><\/p>\n<p id=\"breadcrumbs\"><a href=\"https:\/\/pokaa.fr\/\" target=\"_blank\" rel=\"noopener\">Accueil<\/a> \/ <a href=\"https:\/\/pokaa.fr\/categories\/ses-sorties\/\" target=\"_blank\" rel=\"noopener\">Sorties<\/a> \/ F\u00eater Halloween avec une raclette \u00e0 volont\u00e9 ? \u00c0 Strasbourg, c\u2019est possible !<\/p>\n<p>                    Sorties<\/p>\n<p><strong>Si pour Halloween, vous n\u2019\u00eates pas tr\u00e8s motiv\u00e9(e)s par une soir\u00e9e films d\u2019horreur ou par l\u2019adage \u00ab des bonbons ou un sort \u00bb, mais que vous \u00eates tout de m\u00eame d\u2019humeur festive et gourmande, on a l\u2019option parfaite pour marquer le coup. Direction le Comptoir de la Maison Lohro, pour une soir\u00e9e raclette \u00e0 volont\u00e9 le 31 octobre, \u00e0 partir de 19h45. On vous donne les d\u00e9tails.<\/strong><\/p>\n<p>La <strong>Maison Lohro, ce sont des fromages affin\u00e9s avec soin par un couple de passionn\u00e9(e)s, Christelle et Cyrille <\/strong>depuis pr\u00e8s de trois d\u00e9cennies. Ceux qui ont gagn\u00e9 le titre de Meilleurs Ouvriers de France Fromagers travaillent avec amour leur s\u00e9lection de p\u00e9pites gourmandes. <strong>On retrouve \u00e9videmment le fromage \u00e0 raclette de saison, qui sera mis \u00e0 l\u2019honneur le 31 octobre\u00a0!<\/strong><\/p>\n<p>                <img width=\"692\" height=\"500\" src=\"https:\/\/www.europesays.com\/fr\/wp-content\/uploads\/2025\/10\/capture-decran-2025-10-24-133221-692x500.png\" class=\"attachment-gallery size-gallery\" alt=\"Maison Lohro\" data-full-url=\"https:\/\/pokaa.fr\/wp-content\/uploads\/2025\/10\/24\/capture-decran-2025-10-24-133221.png\" decoding=\"async\" loading=\"lazy\"  \/>            <\/p>\n<p>                <img width=\"707\" height=\"500\" src=\"https:\/\/www.europesays.com\/fr\/wp-content\/uploads\/2025\/10\/capture-decran-2025-10-24-133227-707x500.png\" class=\"attachment-gallery size-gallery\" alt=\"Maison lohro\" data-full-url=\"https:\/\/pokaa.fr\/wp-content\/uploads\/2025\/10\/24\/capture-decran-2025-10-24-133227.png\" decoding=\"async\" loading=\"lazy\"  \/>            <\/p>\n<p>                    \u00a9 Marie Goehner-David \/ Pokaa<\/p>\n<p>Du fromage, du fromage, et encore du fromage<\/p>\n<p>Au programme\u00a0: <strong>une soir\u00e9e \u00e0 48 euros par personnes, comprenant des fromages d\u2019exception, ainsi que de la charcuterie fine et des pommes de terre moelleuse\u2026 Le tout \u00e0 volont\u00e9\u00a0!\u00a0 <\/strong><\/p>\n<p>De quoi mettre un point final de qualit\u00e9 au moins d\u2019octobre, entre convivialit\u00e9, saveur et gourmandise. Attention, les places partent comme des petits pains (ou plut\u00f4t comme des pommes de terres napp\u00e9es de fromage fondu)\u00a0: <strong>les r\u00e9servation se font \u00e0 la boutique, ou <a href=\"https:\/\/www.billetweb.fr\/soiree-raclette-a-volonte3\" target=\"_blank\" rel=\"noopener\">par ici en ligne<\/a>\u00a0! Alors, vous tentez\u00a0? <\/strong><\/p>\n<p>                <img width=\"371\" height=\"500\" src=\"https:\/\/www.europesays.com\/fr\/wp-content\/uploads\/2025\/10\/maison-lohro-soiree-raclette-7-371x500.png\" class=\"attachment-gallery size-gallery\" alt=\"Maison Lohro soir\u00e9e raclette (7)\" data-full-url=\"https:\/\/pokaa.fr\/wp-content\/uploads\/2025\/10\/24\/maison-lohro-soiree-raclette-7.png\" decoding=\"async\" loading=\"lazy\"  \/>            <\/p>\n<p>                <img width=\"410\" height=\"500\" src=\"https:\/\/www.europesays.com\/fr\/wp-content\/uploads\/2025\/10\/maison-lohro-soiree-raclette-6-410x500.png\" class=\"attachment-gallery size-gallery\" alt=\"Maison Lohro soir\u00e9e raclette (6)\" data-full-url=\"https:\/\/pokaa.fr\/wp-content\/uploads\/2025\/10\/24\/maison-lohro-soiree-raclette-6.png\" decoding=\"async\" loading=\"lazy\"  \/>            <\/p>\n<p>                <img width=\"363\" height=\"500\" src=\"https:\/\/www.europesays.com\/fr\/wp-content\/uploads\/2025\/10\/maison-lohro-soiree-raclette-5-363x500.png\" class=\"attachment-gallery size-gallery\" alt=\"Maison Lohro soir\u00e9e raclette (5)\" data-full-url=\"https:\/\/pokaa.fr\/wp-content\/uploads\/2025\/10\/24\/maison-lohro-soiree-raclette-5.png\" decoding=\"async\" loading=\"lazy\"  \/>            <\/p>\n<p>                <img width=\"383\" height=\"500\" src=\"https:\/\/www.europesays.com\/fr\/wp-content\/uploads\/2025\/10\/maison-lohro-soiree-raclette-1-383x500.png\" class=\"attachment-gallery size-gallery\" alt=\"Maison Lohro soir\u00e9e raclette (1)\" data-full-url=\"https:\/\/pokaa.fr\/wp-content\/uploads\/2025\/10\/24\/maison-lohro-soiree-raclette-1.png\" decoding=\"async\" loading=\"lazy\"  \/>            <\/p>\n<p>                    \u00a9 Comptoir de la Maison Lohro \/ Captures d&rsquo;\u00e9cran<\/p>\n<p>            Soir\u00e9e raclette \u00e0 volont\u00e9<\/p>\n<p>            Quoi ? <\/p>\n<p>D\u00eener \u00e0 volont\u00e9 avec fromages gourmands et charcuterie fine<\/p>\n<p>                Quand ?<\/p>\n<p>Le 31 octobre \u00e0 partir de 19h45<\/p>\n<p>            o\u00f9 ?<\/p>\n<p>Comptoir de la Maison Lohro, 3 rue des orf\u00e8vres, Strasbourg<\/p>\n<p>                Plus d&rsquo;infos ?<\/p>\n<p><a href=\"https:\/\/www.maison-lorho.fr\/\" target=\"_blank\" rel=\"noopener\">Site web<\/a><\/p>\n<p><a href=\"https:\/\/www.billetweb.fr\/soiree-raclette-a-volonte3\" target=\"_blank\" rel=\"noopener\">Billeterie pour la soir\u00e9e raclette<\/a><\/p>\n<p><a href=\"https:\/\/www.instagram.com\/p\/DP6hmYtkenh\/?img_index=1\" target=\"_blank\" rel=\"noopener\">Page Instagram<\/a><\/p>\n<p>                <img width=\"366\" height=\"500\" src=\"https:\/\/www.europesays.com\/fr\/wp-content\/uploads\/2025\/10\/maison-lohro-soiree-raclette-4-366x500.png\" class=\"attachment-gallery size-gallery\" alt=\"Maison Lohro soir\u00e9e raclette (4)\" data-full-url=\"https:\/\/pokaa.fr\/wp-content\/uploads\/2025\/10\/24\/maison-lohro-soiree-raclette-4.png\" decoding=\"async\" loading=\"lazy\"  \/>            <\/p>\n<p>                <img width=\"379\" height=\"500\" src=\"https:\/\/www.europesays.com\/fr\/wp-content\/uploads\/2025\/10\/maison-lohro-soiree-raclette-3-379x500.png\" class=\"attachment-gallery size-gallery\" alt=\"Maison Lohro soir\u00e9e raclette (3)\" data-full-url=\"https:\/\/pokaa.fr\/wp-content\/uploads\/2025\/10\/24\/maison-lohro-soiree-raclette-3.png\" decoding=\"async\" loading=\"lazy\"  \/>            <\/p>\n<p>                <img width=\"390\" height=\"500\" src=\"https:\/\/www.europesays.com\/fr\/wp-content\/uploads\/2025\/10\/maison-lohro-soiree-raclette-2-390x500.png\" class=\"attachment-gallery size-gallery\" alt=\"Maison Lohro soir\u00e9e raclette (2)\" data-full-url=\"https:\/\/pokaa.fr\/wp-content\/uploads\/2025\/10\/24\/maison-lohro-soiree-raclette-2.png\" decoding=\"async\" loading=\"lazy\"  \/>            <\/p>\n<p>                    \u00a9 Comptoir de la Maison Lohro \/ Captures d&rsquo;\u00e9cran<\/p>\n<p><script async src=\"\/\/www.instagram.com\/embed.js\"><\/script><\/p>\n","protected":false},"excerpt":{"rendered":"Accueil \/ Sorties \/ F\u00eater Halloween avec une raclette \u00e0 volont\u00e9 ? \u00c0 Strasbourg, c\u2019est possible ! Sorties&hellip;\n","protected":false},"author":2,"featured_media":489324,"comment_status":"","ping_status":"","sticky":false,"template":"","format":"standard","meta":{"footnotes":""},"categories":[2820],"tags":[1111,11,1777,674,1011,27,23319,775,61226,12,54962,25,640],"class_list":{"0":"post-489323","1":"post","2":"type-post","3":"status-publish","4":"format-standard","5":"has-post-thumbnail","7":"category-strasbourg","8":"tag-actu","9":"tag-actualites","10":"tag-eu","11":"tag-europe","12":"tag-fr","13":"tag-france","14":"tag-fromage","15":"tag-grand-est","16":"tag-maison-lohro","17":"tag-news","18":"tag-raclette","19":"tag-republique-francaise","20":"tag-strasbourg"},"share_on_mastodon":{"url":"https:\/\/pubeurope.com\/@fr\/115435561309715483","error":""},"_links":{"self":[{"href":"https:\/\/www.europesays.com\/fr\/wp-json\/wp\/v2\/posts\/489323","targetHints":{"allow":["GET"]}}],"collection":[{"href":"https:\/\/www.europesays.com\/fr\/wp-json\/wp\/v2\/posts"}],"about":[{"href":"https:\/\/www.europesays.com\/fr\/wp-json\/wp\/v2\/types\/post"}],"author":[{"embeddable":true,"href":"https:\/\/www.europesays.com\/fr\/wp-json\/wp\/v2\/users\/2"}],"replies":[{"embeddable":true,"href":"https:\/\/www.europesays.com\/fr\/wp-json\/wp\/v2\/comments?post=489323"}],"version-history":[{"count":0,"href":"https:\/\/www.europesays.com\/fr\/wp-json\/wp\/v2\/posts\/489323\/revisions"}],"wp:featuredmedia":[{"embeddable":true,"href":"https:\/\/www.europesays.com\/fr\/wp-json\/wp\/v2\/media\/489324"}],"wp:attachment":[{"href":"https:\/\/www.europesays.com\/fr\/wp-json\/wp\/v2\/media?parent=489323"}],"wp:term":[{"taxonomy":"category","embeddable":true,"href":"https:\/\/www.europesays.com\/fr\/wp-json\/wp\/v2\/categories?post=489323"},{"taxonomy":"post_tag","embeddable":true,"href":"https:\/\/www.europesays.com\/fr\/wp-json\/wp\/v2\/tags?post=489323"}],"curies":[{"name":"wp","href":"https:\/\/api.w.org\/{rel}","templated":true}]}}