{"id":489325,"date":"2025-10-25T15:40:23","date_gmt":"2025-10-25T15:40:23","guid":{"rendered":"https:\/\/www.europesays.com\/fr\/489325\/"},"modified":"2025-10-25T15:40:23","modified_gmt":"2025-10-25T15:40:23","slug":"strasbourg-sans-emegha-contre-lol-incertitude-pour-sarr","status":"publish","type":"post","link":"https:\/\/www.europesays.com\/fr\/489325\/","title":{"rendered":"Strasbourg sans Emegha contre l\u2019OL, incertitude pour Sarr"},"content":{"rendered":"<p>                            <img width=\"770\" height=\"433\" src=\"https:\/\/www.europesays.com\/fr\/wp-content\/uploads\/2025\/08\/Capture-decran-2024-08-30-a-09.25.24-770x433.jpg\" class=\"attachment-article size-article wp-post-image\" alt=\"Mamadou Sarr, ancien d\u00e9fenseur de l'OL, a sign\u00e9 avec Strasbourg\" decoding=\"async\" fetchpriority=\"high\"  \/><\/p>\n<p>Mamadou Sarr, ancien d\u00e9fenseur de l\u2019OL, a sign\u00e9 avec Strasbourg (@RCSA)<\/p>\n<p>\u00c0 la veille du d\u00e9placement de Strasbourg \u00e0 D\u00e9cines, Liam Rosenior a regrett\u00e9 l\u2019absence d\u2019Emanuel Emegha. Le capitaine est toujours bless\u00e9 comme Chilwell et Amo-Ameyaw. Mamadou Sarr est lui incertain pour son retour au Parc OL.<\/p>\n<p>L\u2019espoir \u00e9tait mince et sans r\u00e9elle surprise,\u00a0<strong>Strasbourg<\/strong>\u00a0va devoir encore faire sans son capitaine.\u00a0<a href=\"https:\/\/www.olympique-et-lyonnais.com\/ol-strasbourg-le-capitaine-alsacien-emegha-pourrait-manquer-la-rencontre,382380.html\" target=\"_blank\" rel=\"noopener\">Touch\u00e9 musculairement<\/a>\u00a0il y a un mois, Emanuel\u00a0<strong>Emegha<\/strong>\u00a0est encore sur le flanc. Malgr\u00e9 un entra\u00eenement \u00e0 part mercredi avant le match de Ligue Europa Conf\u00e9rence, l\u2019attaquant n\u00e9erlandais est encore trop juste pour postuler dans le groupe du RCSA, comme l\u2019a indiqu\u00e9 Liam\u00a0<strong>Rosenior<\/strong>\u00a0ce samedi en conf\u00e9rence de presse. Au moment de se rendre au Parc OL, l\u2019entra\u00eeneur alsacien doit \u00e9galement composer sans Ben\u00a0<strong>Chilwell<\/strong>. Absent dimanche dernier contre le\u00a0<strong>PSG<\/strong>\u00a0et jeudi contre\u00a0<strong>Jagiellonia Byalistok<\/strong>, l\u2019ancien de\u00a0<strong>Chelsea<\/strong>\u00a0souffre d\u2019une blessure musculaire.<\/p>\n<p>Une d\u00e9cision de derni\u00e8re minute pour Sarr<\/p>\n<p>\u00c0 ces deux absences,\u00a0<strong>Rosenior<\/strong>\u00a0doit par ailleurs faire sans Samuel\u00a0<strong>Amo-Ameyaw.<\/strong>\u00a0Le jeune ailier anglais avait d\u00e9j\u00e0 manqu\u00e9 les deux derniers rendez-vous. Un dernier nom s\u2019ajoutera-t-il \u00e0 la liste des absents \u00e0 Strasbourg ? Interrog\u00e9 sur l\u2019\u00e9tat de sant\u00e9 de Mamadou\u00a0<strong>Sarr<\/strong>, le coach du RCSA a laiss\u00e9 planer le doute et a annonc\u00e9 qu\u2019il prendra une d\u00e9cision en derni\u00e8re minute, comme indiqu\u00e9 par nos confr\u00e8res d\u2019Ici Alsace. Si le forfait vient \u00e0 se confirmer, ce serait un nouveau retour manqu\u00e9 \u00e0 D\u00e9cines pour le d\u00e9fenseur. La saison pass\u00e9e,\u00a0<strong>Sarr<\/strong>\u00a0avait d\u00e9j\u00e0 d\u00fb faire l\u2019impasse sur le match au Parc OL contre son club formateur.<\/p>\n<p>\t\t\t\t\t<a href=\"https:\/\/www.olympique-et-lyonnais.com\/ol-eagle-football-textor-a-choisi-les-remplacants-daffolter-et-mallon,383384.html\" title=\"OL - Eagle Football : Textor a choisi les rempla\u00e7ants d\u2019Affolter et Mallon\" target=\"_blank\" rel=\"noopener\"><img loading=\"lazy\" width=\"580\" height=\"326\" src=\"https:\/\/www.europesays.com\/fr\/wp-content\/uploads\/2025\/06\/AFP__20240711__AGIF635382__v1__HighRes__Brazilian2024VitoriaXBotafogo-580x326.jpg\" class=\"attachment-actularge size-actularge wp-post-image\" alt=\"John Textor, propri\u00e9taire de l'OL et patron d'Eagle Football\" decoding=\"async\"  \/>\t\t\t\t\t<\/a><\/p>\n","protected":false},"excerpt":{"rendered":"Mamadou Sarr, ancien d\u00e9fenseur de l\u2019OL, a sign\u00e9 avec Strasbourg (@RCSA) \u00c0 la veille du d\u00e9placement de Strasbourg&hellip;\n","protected":false},"author":2,"featured_media":290285,"comment_status":"","ping_status":"","sticky":false,"template":"","format":"standard","meta":{"footnotes":""},"categories":[2820],"tags":[1111,11,1777,674,1011,27,775,66,12,241,978,25,640],"class_list":{"0":"post-489325","1":"post","2":"type-post","3":"status-publish","4":"format-standard","5":"has-post-thumbnail","7":"category-strasbourg","8":"tag-actu","9":"tag-actualites","10":"tag-eu","11":"tag-europe","12":"tag-fr","13":"tag-france","14":"tag-grand-est","15":"tag-ligue-1","16":"tag-news","17":"tag-ol","18":"tag-olympique-lyonnais","19":"tag-republique-francaise","20":"tag-strasbourg"},"share_on_mastodon":{"url":"https:\/\/pubeurope.com\/@fr\/115435564271045493","error":""},"_links":{"self":[{"href":"https:\/\/www.europesays.com\/fr\/wp-json\/wp\/v2\/posts\/489325","targetHints":{"allow":["GET"]}}],"collection":[{"href":"https:\/\/www.europesays.com\/fr\/wp-json\/wp\/v2\/posts"}],"about":[{"href":"https:\/\/www.europesays.com\/fr\/wp-json\/wp\/v2\/types\/post"}],"author":[{"embeddable":true,"href":"https:\/\/www.europesays.com\/fr\/wp-json\/wp\/v2\/users\/2"}],"replies":[{"embeddable":true,"href":"https:\/\/www.europesays.com\/fr\/wp-json\/wp\/v2\/comments?post=489325"}],"version-history":[{"count":0,"href":"https:\/\/www.europesays.com\/fr\/wp-json\/wp\/v2\/posts\/489325\/revisions"}],"wp:featuredmedia":[{"embeddable":true,"href":"https:\/\/www.europesays.com\/fr\/wp-json\/wp\/v2\/media\/290285"}],"wp:attachment":[{"href":"https:\/\/www.europesays.com\/fr\/wp-json\/wp\/v2\/media?parent=489325"}],"wp:term":[{"taxonomy":"category","embeddable":true,"href":"https:\/\/www.europesays.com\/fr\/wp-json\/wp\/v2\/categories?post=489325"},{"taxonomy":"post_tag","embeddable":true,"href":"https:\/\/www.europesays.com\/fr\/wp-json\/wp\/v2\/tags?post=489325"}],"curies":[{"name":"wp","href":"https:\/\/api.w.org\/{rel}","templated":true}]}}