{"id":489328,"date":"2025-10-25T15:42:13","date_gmt":"2025-10-25T15:42:13","guid":{"rendered":"https:\/\/www.europesays.com\/fr\/489328\/"},"modified":"2025-10-25T15:42:13","modified_gmt":"2025-10-25T15:42:13","slug":"avec-larrivee-du-tour-femmes-combien-nice-attend-en-retombees","status":"publish","type":"post","link":"https:\/\/www.europesays.com\/fr\/489328\/","title":{"rendered":"Avec l&rsquo;arriv\u00e9e du Tour Femmes, combien Nice attend en retomb\u00e9es ?"},"content":{"rendered":"<p class=\"mb-4\"><strong>Organisations.<\/strong>\u00a0Apr\u00e8s les hommes, les femmes; Ville d\u2019arriv\u00e9e du Tour de France masculin en 2024, Nice (Alpes-Maritimes) sera en 2026 celle de la Grande Boucle f\u00e9minine. Il s\u2019agit d\u2019une premi\u00e8re pour la cit\u00e9 de la C\u00f4te d\u2019Azur qui a d\u00e9j\u00e0 accueilli \u00e0 39 reprise la version masculine, dont la derni\u00e8re \u00e9tape l\u2019an pass\u00e9, et deux fois le Grand D\u00e9part, en 1981 et 2020. Une r\u00e9jouissance pour Christian Estrosi, le maire. L\u2019ancien champion de moto avait, jeudi 23 octobre 2025, organis\u00e9 un \u00e9v\u00e9nement pour c\u00e9l\u00e9brer cette \u00e9ch\u00e9ance.<\/p>\n<p class=\"mb-4\">A cette occasion, l\u2019\u00e9dile a donn\u00e9 quelques d\u00e9tails suppl\u00e9mentaires. Ainsi, pour s\u2019offrir cette organisation, la ville a d\u00e9bours\u00e9 un million d\u2019euros, a indiqu\u00e9 le maire de Nice \u00e0 une question pos\u00e9e par SportBusinness.Club. Des droits vers\u00e9s \u00e0 Amaury Sport Organisations, propri\u00e9taire de la course. En retour, la capitale de la Riviera fran\u00e7aise recevra le peloton du <a href=\"https:\/\/www.sportbusiness.club\/cyclisme-le-tour-de-france-femmes-2026-ira-de-lausanne-a-nice\/\" target=\"_blank\" rel=\"noopener\">Tour Femmes 2026<\/a> durant deux jours : samedi 8 ao\u00fbt pour l\u2019arriv\u00e9e de la 8e \u00e9tape, puis le lendemain pour la derni\u00e8re \u00e9tape. Ce sera sur un circuit que les coureuses devront boucler \u00e0 quatre reprises. Au total, 150\u00a0000 spectateurs sont attendus.<\/p>\n<p>Battre le record d\u2019audience <\/p>\n<p class=\"mb-4\">Gr\u00e2ce \u00e0 cet \u00e9v\u00e9nement, la ville table surtout sur des retomb\u00e9es \u00e9conomiques avoisinant 114 millions d\u2019euros.\u00a0\u00ab\u00a0Le sport est, en termes d\u2019\u00e9v\u00e8nementiel, le secteur qui apporte le plus gros soutien \u00e0 l\u2019\u00e9conomie de notre territoire. Il remplit notre h\u00f4tellerie et nourrit notre commerce ainsi que notre restauration,\u00a0a expliqu\u00e9  Christian Estrosi.\u00a0Entre ce que cela rapporte directement \u00e0 l\u2019\u00e9conomie locale ou en image sur la sc\u00e8ne internationale gr\u00e2ce aux images de nos paysages, c\u2019est tout gagnant pour notre coh\u00e9sion \u00e9conomique et sociale\u00a0\u00bb.<\/p>\n<p class=\"mb-4\">Le maire de Nice a d\u2019ailleurs rappel\u00e9 \u00e0 plusieurs reprises qu\u2019en 2025 l\u2019ultime \u00e9tape du Tour Femmes avec la victoire finale de la Fran\u00e7aise Pauline Ferrand-Pr\u00e9vot, \u00e0 Ch\u00e2tel (Haute-Savoie), avait \u00e9t\u00e9 suivie par pr\u00e8s de 7,7 millions de personnes, soit la deuxi\u00e8me meilleure audience sur les deux Tours de France, juste derri\u00e8re l\u2019\u00e9tape de la version masculine \u00e0 Montmartre. Christian Estrosi en est m\u00eame persuad\u00e9 : \u00ab\u00a0Je suis s\u00fbr qu\u2019on va battre ce record,\u00bb a-t-il lanc\u00e9. <\/p>\n<p class=\"mb-4\">Killian Tanguy, correspondant \u00e0 Nice (Alpes-Maritimes)<br \/>\u00a9 SportBusiness.Club \u2013 Octobre 2025<\/p>\n","protected":false},"excerpt":{"rendered":"Organisations.\u00a0Apr\u00e8s les hommes, les femmes; Ville d\u2019arriv\u00e9e du Tour de France masculin en 2024, Nice (Alpes-Maritimes) sera en&hellip;\n","protected":false},"author":2,"featured_media":489329,"comment_status":"","ping_status":"","sticky":false,"template":"","format":"standard","meta":{"footnotes":""},"categories":[2819],"tags":[1111,11,2397,207,1777,674,1011,27,56616,12,2401,882,25,11098],"class_list":{"0":"post-489328","1":"post","2":"type-post","3":"status-publish","4":"format-standard","5":"has-post-thumbnail","7":"category-nice","8":"tag-actu","9":"tag-actualites","10":"tag-christian-estrosi","11":"tag-cyclisme","12":"tag-eu","13":"tag-europe","14":"tag-fr","15":"tag-france","16":"tag-impact-economique","17":"tag-news","18":"tag-nice","19":"tag-provence-alpes-cote-dazur","20":"tag-republique-francaise","21":"tag-tour-de-france-femmes"},"share_on_mastodon":{"url":"https:\/\/pubeurope.com\/@fr\/115435572001084708","error":""},"_links":{"self":[{"href":"https:\/\/www.europesays.com\/fr\/wp-json\/wp\/v2\/posts\/489328","targetHints":{"allow":["GET"]}}],"collection":[{"href":"https:\/\/www.europesays.com\/fr\/wp-json\/wp\/v2\/posts"}],"about":[{"href":"https:\/\/www.europesays.com\/fr\/wp-json\/wp\/v2\/types\/post"}],"author":[{"embeddable":true,"href":"https:\/\/www.europesays.com\/fr\/wp-json\/wp\/v2\/users\/2"}],"replies":[{"embeddable":true,"href":"https:\/\/www.europesays.com\/fr\/wp-json\/wp\/v2\/comments?post=489328"}],"version-history":[{"count":0,"href":"https:\/\/www.europesays.com\/fr\/wp-json\/wp\/v2\/posts\/489328\/revisions"}],"wp:featuredmedia":[{"embeddable":true,"href":"https:\/\/www.europesays.com\/fr\/wp-json\/wp\/v2\/media\/489329"}],"wp:attachment":[{"href":"https:\/\/www.europesays.com\/fr\/wp-json\/wp\/v2\/media?parent=489328"}],"wp:term":[{"taxonomy":"category","embeddable":true,"href":"https:\/\/www.europesays.com\/fr\/wp-json\/wp\/v2\/categories?post=489328"},{"taxonomy":"post_tag","embeddable":true,"href":"https:\/\/www.europesays.com\/fr\/wp-json\/wp\/v2\/tags?post=489328"}],"curies":[{"name":"wp","href":"https:\/\/api.w.org\/{rel}","templated":true}]}}