{"id":489356,"date":"2025-10-25T15:59:09","date_gmt":"2025-10-25T15:59:09","guid":{"rendered":"https:\/\/www.europesays.com\/fr\/489356\/"},"modified":"2025-10-25T15:59:09","modified_gmt":"2025-10-25T15:59:09","slug":"george-clooney-je-vais-jouer-dans-le-film-dix-pour-cent-et-jarrive-a-paris-pour-le-tournage","status":"publish","type":"post","link":"https:\/\/www.europesays.com\/fr\/489356\/","title":{"rendered":"George Clooney\u00a0: \u00ab\u00a0Je vais jouer dans le film Dix pour cent et j\u2019arrive \u00e0 Paris pour le tournage\u00a0\u00bb"},"content":{"rendered":"<p class=\"paragraph text_align_left lp-f-body-02\">C\u2019est l\u2019un des films tr\u00e8s attendus de 2026. Non seulement par le public fran\u00e7ais mais aussi \u00e9tranger. Et pour cause. Avant de devenir un long-m\u00e9trage, \u00ab Dix pour cent \u00bb a \u00e9t\u00e9 une s\u00e9rie \u00e0 succ\u00e8s sur France 2 \u00e0 partir de 2015 puis en 2020 sur <a href=\"https:\/\/www.leparisien.fr\/culture-loisirs\/netflix\/\" target=\"_blank\" rel=\"noreferrer noopener\">Netflix <\/a>qui lui a ouvert les portes du succ\u00e8s international avec, \u00e0 la cl\u00e9 <a href=\"https:\/\/www.leparisien.fr\/culture-loisirs\/series\/dix-pour-cent-fait-le-tour-du-monde-avec-ses-nombreuses-adaptations-11-02-2022-YO66AQJUXZCHBJS7K537VOF26A.php\" target=\"_blank\" rel=\"noreferrer noopener\">de multiples adaptations <\/a>dans diff\u00e9rents pays. Ce projet, imagin\u00e9 par <a href=\"https:\/\/www.leparisien.fr\/culture-loisirs\/cinema\/sa-crise-cardiaque-son-homosexualite-son-festival-dangouleme-dominique-besnehard-se-confie-22-08-2023-LWEXL5KBURHIHP7VNYIBFSVQZY.php\" target=\"_blank\" rel=\"noreferrer noopener\">Dominique Besnehard <\/a>et Fanny Herrero racontait le quotidien des agents d\u2019artistes avec une ribambelle de stars jouant leur propre r\u00f4le comme B\u00e9atrice Dalle, Nathalie Baye, Laura Smet, JoeyStarr, <a href=\"https:\/\/www.leparisien.fr\/culture-loisirs\/cinema\/isabelle-huppert-dans-la-femme-la-plus-riche-du-monde-je-pense-que-cest-drole-de-jouer-avec-moi-18-10-2025-SDIXWQ7ATVETZAZZVUA7MCOA6I.php\" target=\"_blank\" rel=\"noreferrer noopener\">Isabelle Huppert<\/a>, Isabelle Adjani, <a href=\"https:\/\/www.leparisien.fr\/culture-loisirs\/series\/charlotte-gainsbourg-dans-dix-pour-cent-je-n-avais-pas-envie-d-etre-gentille-avec-moi-meme-21-10-2020-8404213.php\" target=\"_blank\" rel=\"noreferrer noopener\">Charlotte Gainsbourg<\/a>, pour quelques \u00e9pisodes irr\u00e9sistibles, d\u00e9sormais cultes. Apr\u00e8s ces quatre saisons, plusieurs suites ont \u00e9t\u00e9 envisag\u00e9es : une 5e partie tourn\u00e9e \u00e0 New York, un t\u00e9l\u00e9film unique pour f\u00eater les dix ans, avant d\u2019annoncer officiellement un projet de long-m\u00e9trage.<\/p>\n<p class=\"paragraph text_align_left lp-f-body-02\">\u00ab Dix pour cent \u00bb va donc avoir droit \u00e0 sa version cin\u00e9matographique qui sera r\u00e9alis\u00e9e par \u00c9milie Noblet ( \u00ab Bis Repetita \u00bb, <a href=\"https:\/\/www.leparisien.fr\/culture-loisirs\/series\/que-vaut-zorro-la-nouvelle-serie-avec-jean-dujardin-29-08-2024-Z2WREI7Z45CAHDQTTBAUP4FMEA.php\" target=\"_blank\" rel=\"noreferrer noopener\">la s\u00e9rie \u00ab Zorro \u00bb avec Jean Dujardin<\/a>) et \u00e9crite par Fanny Herrero, cr\u00e9atrice et sc\u00e9nariste de la s\u00e9rie. Une suite ? Selon le site \u00ab Deadline \u00bb, l\u2019histoire commencera cinq ans apr\u00e8s la fermeture de l\u2019agence ASK et r\u00e9unira les personnages et donc les acteurs et actrices des d\u00e9buts de l\u2019aventure : Camille Cottin, Laure Calamy, Thibault de Montalembert, Gr\u00e9gory Montel, Nicolas Maury, r\u00e9v\u00e9l\u00e9s pour la plupart par \u00ab Dix pour cent \u00bb et qui ont fait une belle carri\u00e8re depuis. Le tournage vient de commencer et devrait durer deux mois.<\/p>\n<p>\u00ab Je n\u2019ai pas h\u00e9sit\u00e9 une seconde \u00bb<\/p>\n<p class=\"paragraph text_align_left lp-f-body-02\">Pour le reste, la production reste encore discr\u00e8te sur les invit\u00e9s amen\u00e9s \u00e0 jouer leur propre r\u00f4le : les noms de L\u00e6titia Casta et Vincent Macaigne ont \u00e9t\u00e9 \u00e9voqu\u00e9s par le site \u00ab Deadline \u00bb. Mais il y a quelques heures c\u2019est une star internationale qui nous a r\u00e9v\u00e9l\u00e9 en exclusivit\u00e9, sa pr\u00e9sence dans le projet.<\/p>\n<p class=\"paragraph text_align_left lp-f-body-02\">\u00c0 l\u2019occasion d\u2019une interview et d\u2019une projection en avant-premi\u00e8re \u00e0 Los Angeles de son prochain film \u00ab Jay Kelly \u00bb , <a href=\"https:\/\/www.leparisien.fr\/culture-loisirs\/cinema\/javais-peur-delever-nos-enfants-a-los-angeles-george-clooney-se-confie-sur-sa-nouvelle-vie-familiale-en-france-08-10-2025-BX7ZQEZOCNC4BEF5BCULSZTZE4.php\" target=\"_blank\" rel=\"noreferrer noopener\">George Clooney <\/a>nous a fait une confidence destin\u00e9e \u00e0 ses fans hexagonaux. \u00ab Puisque vous \u00eates fran\u00e7ais, je vais vous dire que je pars pour Paris o\u00f9 je serai la semaine prochaine pour participer au tournage du film Dix pour Cent. Je n\u2019ai pas h\u00e9sit\u00e9 une seconde \u00bb, nous a annonc\u00e9 l\u2019acteur r\u00e9v\u00e9l\u00e9 par \u00ab Urgences \u00bb. Il faut dire que la s\u00e9rie rebaptis\u00e9e \u00ab Call my agent \u00bb \u00e0 l\u2019international a fait un tabac sur Netflix et a mis le tout Hollywood \u00e0 ses genoux.<\/p>\n<p class=\"paragraph text_align_left lp-f-body-02\">Si <a href=\"https:\/\/www.leparisien.fr\/culture-loisirs\/cinema\/sigourney-weaver-dans-dix-pour-cent-avec-trump-l-amerique-est-hors-de-controle-03-11-2020-8406327.php\" target=\"_blank\" rel=\"noreferrer noopener\">Sigourney Weaver avait d\u00e9j\u00e0 jou\u00e9 son propre r\u00f4le dans la saison 4<\/a>, la pr\u00e9sence de George Clooney, en George Clooney dans cette suite, va forc\u00e9ment cr\u00e9er un engouement suppl\u00e9mentaire. Il recroisera peut-\u00eatre \u00e0 cette occasion sa camarade fran\u00e7aise<a href=\"https:\/\/www.leparisien.fr\/culture-loisirs\/cinema\/elle-etait-phenomenale-on-ne-savait-plus-si-elle-jouait-ou-pas-camille-cottin-100-chic-fille-10-05-2024-YS7EO4OVE5BZZMG363SXPRINZ4.php\" target=\"_blank\" rel=\"noreferrer noopener\"> Camille Cottin<\/a> avec qui il a jou\u00e9 \u00e0 plusieurs reprises dans des publicit\u00e9s pour une c\u00e9l\u00e8bre marque de caf\u00e9. Le film \u00ab Dix pour cent \u00bb fera l\u2019objet d\u2019une diffusion internationale en 2026 sur Netflix qui a officialis\u00e9 le d\u00e9but du tournage sur ses r\u00e9seaux d\u00e9but octobre.<\/p>\n<p class=\"paragraph text_align_left lp-f-body-02\">D\u2019ici l\u00e0 on retrouvera donc George Clooney sur cette m\u00eame plate-forme \u00e0 partir du 5 d\u00e9cembre dans \u00ab Jay Kelly \u00bb r\u00e9alis\u00e9 par Noah Baumbach le metteur en sc\u00e8ne des tr\u00e8s remarqu\u00e9s \u00ab Marriage Story \u00bb et \u00ab Frances Ha \u00bb. Il y joue un acteur qui profite d\u2019un voyage en Italie pour dresser le bilan de sa vie. \u00ab La v\u00e9rit\u00e9, c\u2019est que la c\u00e9l\u00e9brit\u00e9 m\u2019a permis de travailler sur des projets comme celui-ci, nous a-t-il confi\u00e9 \u00e0 cette occasion. J\u2019ai 64 ans, ce genre de r\u00f4les ne se pr\u00e9sentent pas souvent. Je me sens donc tr\u00e8s chanceux d\u2019avoir eu cette opportunit\u00e9 \u00bb.<\/p>\n","protected":false},"excerpt":{"rendered":"C\u2019est l\u2019un des films tr\u00e8s attendus de 2026. Non seulement par le public fran\u00e7ais mais aussi \u00e9tranger. Et&hellip;\n","protected":false},"author":2,"featured_media":489357,"comment_status":"","ping_status":"","sticky":false,"template":"","format":"standard","meta":{"footnotes":""},"categories":[1888],"tags":[11,650,872,1777,674,1011,27,12,626,25],"class_list":{"0":"post-489356","1":"post","2":"type-post","3":"status-publish","4":"format-standard","5":"has-post-thumbnail","7":"category-paris","8":"tag-actualites","9":"tag-cinema","10":"tag-culture-et-loisirs","11":"tag-eu","12":"tag-europe","13":"tag-fr","14":"tag-france","15":"tag-news","16":"tag-paris","17":"tag-republique-francaise"},"share_on_mastodon":{"url":"https:\/\/pubeurope.com\/@fr\/115435638898809234","error":""},"_links":{"self":[{"href":"https:\/\/www.europesays.com\/fr\/wp-json\/wp\/v2\/posts\/489356","targetHints":{"allow":["GET"]}}],"collection":[{"href":"https:\/\/www.europesays.com\/fr\/wp-json\/wp\/v2\/posts"}],"about":[{"href":"https:\/\/www.europesays.com\/fr\/wp-json\/wp\/v2\/types\/post"}],"author":[{"embeddable":true,"href":"https:\/\/www.europesays.com\/fr\/wp-json\/wp\/v2\/users\/2"}],"replies":[{"embeddable":true,"href":"https:\/\/www.europesays.com\/fr\/wp-json\/wp\/v2\/comments?post=489356"}],"version-history":[{"count":0,"href":"https:\/\/www.europesays.com\/fr\/wp-json\/wp\/v2\/posts\/489356\/revisions"}],"wp:featuredmedia":[{"embeddable":true,"href":"https:\/\/www.europesays.com\/fr\/wp-json\/wp\/v2\/media\/489357"}],"wp:attachment":[{"href":"https:\/\/www.europesays.com\/fr\/wp-json\/wp\/v2\/media?parent=489356"}],"wp:term":[{"taxonomy":"category","embeddable":true,"href":"https:\/\/www.europesays.com\/fr\/wp-json\/wp\/v2\/categories?post=489356"},{"taxonomy":"post_tag","embeddable":true,"href":"https:\/\/www.europesays.com\/fr\/wp-json\/wp\/v2\/tags?post=489356"}],"curies":[{"name":"wp","href":"https:\/\/api.w.org\/{rel}","templated":true}]}}