{"id":489364,"date":"2025-10-25T16:03:19","date_gmt":"2025-10-25T16:03:19","guid":{"rendered":"https:\/\/www.europesays.com\/fr\/489364\/"},"modified":"2025-10-25T16:03:19","modified_gmt":"2025-10-25T16:03:19","slug":"les-etats-unis-deploient-leur-plus-grand-porte-avions-dans-les-caraibes-en-pleine-escalade-avec-le-venezuela","status":"publish","type":"post","link":"https:\/\/www.europesays.com\/fr\/489364\/","title":{"rendered":"Les \u00c9tats-Unis d\u00e9ploient leur plus grand porte-avions dans les Cara\u00efbes en pleine escalade avec le Venezuela"},"content":{"rendered":"<p>Le d\u00e9partement de la D\u00e9fense a annonc\u00e9, ce vendredi 24 octobre, que l\u2019arm\u00e9e am\u00e9ricaine va envoyer le porte-avions USS Gerald R. Ford, le fleuron de leur flotte et le plus grand au monde, dans la mer des Cara\u00efbes afin de <a href=\"https:\/\/fr.euronews.com\/2025\/09\/17\/trump-previent-que-la-lutte-contre-les-cartels-narcoterroristes-sud-americains-va-sintensi\" target=\"_blank\" rel=\"noopener\"><strong>renforcer leur campagne militaire contre le trafic de drogue<\/strong><\/a> en Am\u00e9rique latine. <\/p>\n<p>Ce d\u00e9ploiement, ordonn\u00e9 par le secr\u00e9taire \u00e0 la D\u00e9fense, Pete Hegseth, permettra d&rsquo;am\u00e9liorer la capacit\u00e9 des \u00c9tats-Unis \u00ab\u00a0\u00e0 d\u00e9tecter, surveiller et perturber les acteurs et activit\u00e9s illicites qui compromettent la s\u00e9curit\u00e9 et la prosp\u00e9rit\u00e9 des \u00c9tats-Unis\u00a0\u00bb dans le cadre de l&rsquo;op\u00e9ration anti-drogue lanc\u00e9e en septembre, a affirm\u00e9 le porte-parole du Pentagone, Sean Parnell, sur les r\u00e9seaux sociaux.<\/p>\n<p>L&rsquo;USS Gerald R. Ford sera accompagn\u00e9 de plusieurs navires de guerre, dont des destroyers et un croiseur, et sera dot\u00e9 de plus de 5 000 soldats et de pr\u00e8s de 90 avions de combat. Il se trouve actuellement en M\u00e9diterran\u00e9e, a indiqu\u00e9 une source proche du dossier. En revanche, elle n&rsquo;a pas indiqu\u00e9 combien de temps il faudrait au b\u00e2timent pour rejoindre les eaux des Cara\u00efbes.<\/p>\n<p>Conflit ouvert avec Caracas<\/p>\n<p>Cette d\u00e9cision s&rsquo;inscrit dans un contexte de tensions croissantes avec le Venezuela et intervient quelques heures seulement apr\u00e8s le survol des c\u00f4tes v\u00e9n\u00e9zu\u00e9liennes par des bombardiers B-1B, une d\u00e9monstration de force que Caracas a qualifi\u00e9e de \u00ab\u00a0provocation\u00a0\u00bb. <\/p>\n<p>Pour Washington, cette annonce permet d&rsquo;assurer sa mont\u00e9e en puissance dans une r\u00e9gion o\u00f9 l\u2019administration Trump a lanc\u00e9, ces derniers jours, des <a href=\"https:\/\/fr.euronews.com\/2025\/10\/23\/les-etats-unis-frappent-deux-nouveaux-bateaux-suspectes-de-trafic-de-drogue-dans-le-pacifi\" target=\"_blank\" rel=\"noopener\"><strong>frappes contre des embarcations qu\u2019elle accusent de transporter de la drogue<\/strong><\/a>. <\/p>\n<p>Le Pentagone affirme que plusieurs de ces navires \u00e9taient li\u00e9s au Tren de Aragua, un groupe criminel v\u00e9n\u00e9zu\u00e9lien d\u00e9sign\u00e9 par les \u00c9tats-Unis comme une organisation terroriste. Depuis septembre, les \u00c9tats-Unis ont coul\u00e9 neuf narco-boats et un sous-marin lors d&rsquo;op\u00e9rations navales dans les eaux internationales, dans le cadre d&rsquo;une offensive que le pr\u00e9sident Donald Trump a lui-m\u00eame qualifi\u00e9e de \u00ab\u00a0guerre contre le trafic de drogue\u00a0\u00bb.<\/p>\n<p>Le d\u00e9ploiement d\u2019un porte-avions apportera des moyens suppl\u00e9mentaires importants dans une r\u00e9gion qui a d\u00e9j\u00e0 connu un renforcement militaire am\u00e9ricain inhabituel. <\/p>\n<p>Cette annonce et le rythme acc\u00e9l\u00e9r\u00e9 des frappes am\u00e9ricaines, dont la dixi\u00e8me a eu lieu ce vendredi, ont relanc\u00e9 les sp\u00e9culations sur l\u2019\u00e9tendue des op\u00e9rations que l\u2019administration Trump pourrait mener, notamment sur une tentative de renverser le pr\u00e9sident Nicol\u00e1s Maduro, qui fait face \u00e0 des accusations de narcoterrorisme aux \u00c9tats-Unis.<\/p>\n<p>Le pr\u00e9sident v\u00e9n\u00e9zu\u00e9lien soutient que ces op\u00e9rations sont une ultime tentative pour le faire quitter le pouvoir. <\/p>\n<p>Nouvelle frappe contre de narcotrafiquants pr\u00e9sum\u00e9s<\/p>\n<p>La derni\u00e8re frappe sur une embarcation suspect\u00e9e de trafic de drogue a fait six morts et porte \u00e0 au moins 43 le nombre de d\u00e9c\u00e8s li\u00e9s aux attaques qui ont commenc\u00e9 d\u00e9but septembre. Pete Hegseth a assur\u00e9 que l&#8217;embarcation \u00e9tait exploit\u00e9e par le gang Tren de Aragua. C\u2019\u00e9tait la deuxi\u00e8me fois que l\u2019administration Trump associe l\u2019une de ses op\u00e9rations \u00e0 ce gang originaire d\u2019une prison v\u00e9n\u00e9zu\u00e9lienne.<\/p>\n<p>\u00ab\u00a0Si vous \u00eates un narco-terroriste qui fait passer de la drogue dans notre h\u00e9misph\u00e8re, nous vous traiterons comme nous traitons Al-Qa\u00efda\u00a0\u00bb, a \u00e9crit le secr\u00e9taire \u00e0 la D\u00e9fense. \u00ab\u00a0Jour ou nuit, nous cartographierons vos r\u00e9seaux, suivrons vos hommes, vous traquerons et vous tuerons.\u00a0\u00bb<\/p>\n<p>Les frappes sont pass\u00e9es d\u2019une tous les quelques semaines, au d\u00e9but le mois dernier, \u00e0 trois cette semaine. Autre changement de strat\u00e9gie du c\u00f4te \u00e9tats-unien : deux des frappes les plus r\u00e9centes ont \u00e9t\u00e9 effectu\u00e9es dans l\u2019oc\u00e9an Pacifique, \u00e9largissant la zone d\u2019o\u00f9 l\u2019arm\u00e9e a lanc\u00e9 des attaques et se d\u00e9pla\u00e7ant vers une r\u00e9gion d\u2019o\u00f9 une grande partie de la coca\u00efne est contreband\u00e9e par les plus grands producteurs mondiaux, notamment la Colombie.<\/p>\n<p>Un message politique<\/p>\n<p>La pr\u00e9sence militaire am\u00e9ricaine est moins une question de drogue qu\u2019un message envoy\u00e9 aux pays de la r\u00e9gion pour qu\u2019ils s\u2019alignent sur les int\u00e9r\u00eats des \u00c9tats-Unis, selon Elizabeth Dickinson, analyste principale pour la r\u00e9gion des Andes au sein de l\u2019International Crisis Group.<\/p>\n<p>\u00ab\u00a0Une expression que j\u2019entends souvent est que la drogue est une excuse. Et tout le monde le sait\u00a0\u00bb, assure-t-elle. \u00ab\u00a0Et je pense que ce message est tr\u00e8s clair dans les capitales r\u00e9gionales. Le message ici est donc que les \u00c9tats-Unis ont l\u2019intention de poursuivre des objectifs pr\u00e9cis. Et ils utiliseront la force militaire contre des dirigeants et des pays qui ne s\u2019alignent pas.\u00a0\u00bb<\/p>\n<p>Donald Trump a \u00e9galement annonc\u00e9 qu&rsquo;il \u00e9tait pr\u00eat \u00e0 ordonner des attaques terrestres, en assurant que celles-ci seraient l\u00e9gales. \u00ab\u00a0Nous avons le droit de le faire\u00a0\u00bb, a-t-il r\u00e9p\u00e9t\u00e9. \u00ab\u00a0Nous les frapperons tr\u00e8s fort quand ils viendront par voie terrestre. Nous sommes totalement pr\u00eats \u00e0 le faire. Et nous irons probablement devant le Congr\u00e8s pour expliquer exactement ce que nous faisons lorsque nous passerons \u00e0 des frappes terrestres\u00a0\u00bb, a-t-il affirm\u00e9. Une sortie qui a suscit\u00e9 l&rsquo;inqui\u00e9tude de parlementaires des deux partis.<\/p>\n","protected":false},"excerpt":{"rendered":"Le d\u00e9partement de la D\u00e9fense a annonc\u00e9, ce vendredi 24 octobre, que l\u2019arm\u00e9e am\u00e9ricaine va envoyer le porte-avions&hellip;\n","protected":false},"author":2,"featured_media":489365,"comment_status":"","ping_status":"","sticky":false,"template":"","format":"standard","meta":{"footnotes":""},"categories":[1589],"tags":[11,61228,75,73,1866,12,887,1864,1865,1863,308,337],"class_list":{"0":"post-489364","1":"post","2":"type-post","3":"status-publish","4":"format-standard","5":"has-post-thumbnail","7":"category-etats-unis","8":"tag-actualites","9":"tag-caraibe","10":"tag-donald-trump","11":"tag-etats-unis","12":"tag-etats-unis-damerique","13":"tag-news","14":"tag-trafic-de-drogue","15":"tag-united-states","16":"tag-united-states-of-america","17":"tag-us","18":"tag-usa","19":"tag-venezuela"},"share_on_mastodon":{"url":"https:\/\/pubeurope.com\/@fr\/115435654619268145","error":""},"_links":{"self":[{"href":"https:\/\/www.europesays.com\/fr\/wp-json\/wp\/v2\/posts\/489364","targetHints":{"allow":["GET"]}}],"collection":[{"href":"https:\/\/www.europesays.com\/fr\/wp-json\/wp\/v2\/posts"}],"about":[{"href":"https:\/\/www.europesays.com\/fr\/wp-json\/wp\/v2\/types\/post"}],"author":[{"embeddable":true,"href":"https:\/\/www.europesays.com\/fr\/wp-json\/wp\/v2\/users\/2"}],"replies":[{"embeddable":true,"href":"https:\/\/www.europesays.com\/fr\/wp-json\/wp\/v2\/comments?post=489364"}],"version-history":[{"count":0,"href":"https:\/\/www.europesays.com\/fr\/wp-json\/wp\/v2\/posts\/489364\/revisions"}],"wp:featuredmedia":[{"embeddable":true,"href":"https:\/\/www.europesays.com\/fr\/wp-json\/wp\/v2\/media\/489365"}],"wp:attachment":[{"href":"https:\/\/www.europesays.com\/fr\/wp-json\/wp\/v2\/media?parent=489364"}],"wp:term":[{"taxonomy":"category","embeddable":true,"href":"https:\/\/www.europesays.com\/fr\/wp-json\/wp\/v2\/categories?post=489364"},{"taxonomy":"post_tag","embeddable":true,"href":"https:\/\/www.europesays.com\/fr\/wp-json\/wp\/v2\/tags?post=489364"}],"curies":[{"name":"wp","href":"https:\/\/api.w.org\/{rel}","templated":true}]}}