{"id":489380,"date":"2025-10-25T16:13:12","date_gmt":"2025-10-25T16:13:12","guid":{"rendered":"https:\/\/www.europesays.com\/fr\/489380\/"},"modified":"2025-10-25T16:13:12","modified_gmt":"2025-10-25T16:13:12","slug":"snobe-par-galthie-un-cadre-du-club-evoque-sans-detour-son-mauvais-debut-de-saison","status":"publish","type":"post","link":"https:\/\/www.europesays.com\/fr\/489380\/","title":{"rendered":"snob\u00e9 par Galthi\u00e9, un cadre du club \u00e9voque sans d\u00e9tour son mauvais d\u00e9but de saison"},"content":{"rendered":"<p>Il fait partie des grands absents de la liste de Fabien Galthi\u00e9. Au m\u00eame titre que Cyril Baille, Baptiste Serin ou Charles Ollivon, <a href=\"https:\/\/www.quinzemondial.com\/xv-de-france\/xv-de-france-baille-roumat-cros-ollivon-lamotheles-grands-absents-de-la-liste-de-galthie-819846\" target=\"_blank\" rel=\"noopener\">Alexandre Roumat n\u2019a pas convaincu le s\u00e9lectionneur du XV de France<\/a> de le retenir pour pr\u00e9parer les premiers matchs de la tourn\u00e9e de novembre. Il faut dire que le troisi\u00e8me-ligne centre est \u00e0 la peine depuis quelques semaines. Si important depuis son arriv\u00e9ee au<a href=\"https:\/\/www.quinzemondial.com\/top-14\/stade-toulousain-ntamack-rend-un-magnifique-hommage-a-une-legende-sur-le-depart-819915\" target=\"_blank\" rel=\"noopener\"> Stade Toulousain<\/a> en 2023, l\u2019\u00e9l\u00e9gant avant souffre d\u2019un d\u00e9ficit de puissance sur son d\u00e9but de saison et encha\u00eene les performances quelconques. En conf\u00e9rence de presse, il a reconnu ses difficult\u00e9s comme le rapporte <a href=\"https:\/\/www.ladepeche.fr\/2025\/10\/24\/stade-toulousain-toulon-je-ne-dis-pas-que-cest-un-bas-mais-alexandre-roumat-se-confie-avec-franchise-sur-son-debut-de-saison-en-demi-teinte-13012495.php\" target=\"_blank\" rel=\"noopener\">La D\u00e9p\u00eache.<\/a><\/p>\n<p>Roumat \u00ab\u00a0pas surpris\u00a0\u00bb par son absence avec les Bleus<\/p>\n<blockquote>\n<p>\u00ab C\u2019est un d\u00e9but de saison un peu plus compliqu\u00e9 sur mon rugby, sur mes sensations. Mais je reste confiant. Je sais que la vie d\u2019un sportif est faite de haut, de bas. Je ne dis pas que c\u2019est un bas, mais forc\u00e9ment que les mecs \u00e0 mon poste sont tr\u00e8s bons. Il y a une rotation, j\u2019essaye d\u2019am\u00e9liorer les erreurs que j\u2019ai faites, qui ont pu co\u00fbter sur les premiers matchs de saison. Et l\u00e0, ce week-end, j\u2019ai une chance de rentrer dans le groupe donc j\u2019esp\u00e8re refaire des bonnes performances. \u00c7a me redonnera de l\u2019allant pour essayer de continuer \u00e0 avoir une dynamique et m\u2019imposer encore plus et retrouver un peu cette stabilit\u00e9 en troisi\u00e8me ligne. \u00bb<\/p>\n<\/blockquote>\n<p>Par cons\u00e9quent, l\u2019ancien Biarrot assure comprendre la d\u00e9cision du s\u00e9lectionneur et veut d\u00e9sormais inverser la tendance pour revenir.<\/p>\n<blockquote>\n<p>\u00ab\u00a0Je ne suis pas surpris, non. En \u00e9tant totalement honn\u00eate, au vu de mon d\u00e9but de saison, d\u00e9j\u00e0 sur le plan de mon rugby, il faut faire des grosses performances en club pour \u00eatre en \u00e9quipe de France. Je pense que les mecs qui y sont \u00e0 mon poste ont fait des grosses performances, donc \u00e0 partir de l\u00e0, l\u2019\u00e9quation\u00a0est tr\u00e8s simple. Et comme vous l\u2019avez tr\u00e8s bien dit, j\u2019ai \u00e9t\u00e9 moins expos\u00e9 en tant que titulaire. Et je\u00a0pense que l\u2019un des crit\u00e8res, m\u00eame s\u2019il n\u2019y a pas que \u00e7a, pour \u00eatre s\u00e9lectionn\u00e9 d\u2019\u00e9quipe de France, c\u2019est d\u2019\u00eatre assez souvent\u00a0titulaire dans son club.\u00a0Or, je ne l\u2019ai pas \u00e9t\u00e9. Donc \u00e0 partir du moment o\u00f9 tu pars sur ces deux notions, je pense que \u00e7a justifie ma non-s\u00e9lection. Apr\u00e8s, comme je l\u2019ai toujours dit, \u00e7a passera par des bonnes performances en club et le fait de continuer \u00e0 travailler.\u00a0Je sais que si je continue comme \u00e7a, j\u2019aurai, je l\u2019esp\u00e8re, encore une fois une chance d\u2019y repartir. Forc\u00e9ment, j\u2019aurais aim\u00e9 y \u00eatre. Mais \u00e7a me motive encore plus sur mes semaines d\u2019entra\u00eenement pour travailler encore plus et essayer de d\u00e9j\u00e0 m\u2019imposer en club, retrouver une place plus souvent au poste de num\u00e9ro 8 et si possible esp\u00e9rer mieux.\u00a0\u00bb<\/p>\n<\/blockquote>\n<p>Partagez cette info avec vos amis et vos proches en cliquant ici<br \/>Pour r\u00e9sumer<\/p>\n<p>Un cadre du Stade Toulousain a \u00e9voqu\u00e9 avec franchise ses difficult\u00e9s en ce d\u00e9but de saison et sa non-s\u00e9lection avec le XV de France pour la tourn\u00e9e de novembre. Il porte un regard lucide sur ses performances et esp\u00e8re rebondir.<\/p>\n<p> <img decoding=\"async\" width=\"76\" height=\"76\" loading=\"lazy\" src=\"https:\/\/www.europesays.com\/fr\/wp-content\/uploads\/2025\/04\/avatar-quinze.png\" alt=\"Arnaud D\u00e9chelotte\"\/><\/p>\n","protected":false},"excerpt":{"rendered":"Il fait partie des grands absents de la liste de Fabien Galthi\u00e9. Au m\u00eame titre que Cyril Baille,&hellip;\n","protected":false},"author":2,"featured_media":489381,"comment_status":"","ping_status":"","sticky":false,"template":"","format":"standard","meta":{"footnotes":""},"categories":[1416],"tags":[1011,27,479,1468,60,476,478,513],"class_list":{"0":"post-489380","1":"post","2":"type-post","3":"status-publish","4":"format-standard","5":"has-post-thumbnail","7":"category-rugby","8":"tag-fr","9":"tag-france","10":"tag-rugby","11":"tag-rugby-football","12":"tag-sports","13":"tag-stade-toulousain","14":"tag-top-14","15":"tag-xv-de-france"},"share_on_mastodon":{"url":"https:\/\/pubeurope.com\/@fr\/115435694644323696","error":""},"_links":{"self":[{"href":"https:\/\/www.europesays.com\/fr\/wp-json\/wp\/v2\/posts\/489380","targetHints":{"allow":["GET"]}}],"collection":[{"href":"https:\/\/www.europesays.com\/fr\/wp-json\/wp\/v2\/posts"}],"about":[{"href":"https:\/\/www.europesays.com\/fr\/wp-json\/wp\/v2\/types\/post"}],"author":[{"embeddable":true,"href":"https:\/\/www.europesays.com\/fr\/wp-json\/wp\/v2\/users\/2"}],"replies":[{"embeddable":true,"href":"https:\/\/www.europesays.com\/fr\/wp-json\/wp\/v2\/comments?post=489380"}],"version-history":[{"count":0,"href":"https:\/\/www.europesays.com\/fr\/wp-json\/wp\/v2\/posts\/489380\/revisions"}],"wp:featuredmedia":[{"embeddable":true,"href":"https:\/\/www.europesays.com\/fr\/wp-json\/wp\/v2\/media\/489381"}],"wp:attachment":[{"href":"https:\/\/www.europesays.com\/fr\/wp-json\/wp\/v2\/media?parent=489380"}],"wp:term":[{"taxonomy":"category","embeddable":true,"href":"https:\/\/www.europesays.com\/fr\/wp-json\/wp\/v2\/categories?post=489380"},{"taxonomy":"post_tag","embeddable":true,"href":"https:\/\/www.europesays.com\/fr\/wp-json\/wp\/v2\/tags?post=489380"}],"curies":[{"name":"wp","href":"https:\/\/api.w.org\/{rel}","templated":true}]}}