{"id":489390,"date":"2025-10-25T16:21:13","date_gmt":"2025-10-25T16:21:13","guid":{"rendered":"https:\/\/www.europesays.com\/fr\/489390\/"},"modified":"2025-10-25T16:21:13","modified_gmt":"2025-10-25T16:21:13","slug":"ce-tableau-de-picasso-representant-dora-maar-a-realise-le-record-de-lannee-des-encheres-en-france","status":"publish","type":"post","link":"https:\/\/www.europesays.com\/fr\/489390\/","title":{"rendered":"Ce tableau de Picasso repr\u00e9sentant Dora Maar a r\u00e9alis\u00e9 \u00ab\u00a0le record de l\u2019ann\u00e9e\u00a0\u00bb des ench\u00e8res en France"},"content":{"rendered":"<p>        <img decoding=\"async\" loading=\"lazy\" src=\"https:\/\/www.europesays.com\/fr\/wp-content\/uploads\/2025\/10\/8814a53_upload-1-meyc3q2zdaxk-afp-20250918-74xc7g3-v3-highres-franceartpaintingauction.jpg\"  width=\"728\" height=\"410\" alt=\"Ce tableau de Picasso repr\u00e9sentant Dora Maar et intitul\u00e9 \u00ab\u00a0Buste de femme au chapeau \u00e0 fleurs\u00a0\u00bb a r\u00e9alis\u00e9 \u00ab\u00a0le record de l\u2019ann\u00e9e\u00a0\u00bb des ench\u00e8res en France.\"\/>  <\/p>\n<p>STEPHANE DE SAKUTIN \/ AFP<\/p>\n<p>Ce tableau de Picasso repr\u00e9sentant Dora Maar et intitul\u00e9 \u00ab\u00a0Buste de femme au chapeau \u00e0 fleurs\u00a0\u00bb a r\u00e9alis\u00e9 \u00ab\u00a0le record de l\u2019ann\u00e9e\u00a0\u00bb des ench\u00e8res en France.<\/p>\n<p class=\"asset asset-text\">ART &#8211; C\u2019est un portrait \u00ab\u00a0exceptionnel\u00a0\u00bb. Un tableau r\u00e9alis\u00e9 par <a href=\"https:\/\/www.huffingtonpost.fr\/culture\/article\/a-paris-picasso-va-avoir-droit-a-son-jardin-d-exposition-gratuit_255374.html\" rel=\"nofollow noopener\" target=\"_blank\">Picasso<\/a> en 1943, en pleine Occupation, et qui repr\u00e9sente <a href=\"https:\/\/www.huffingtonpost.fr\/culture\/article\/un-tableau-de-picasso-exceptionnel-a-ete-retrouve-il-n-avait-jamais-ete-expose-au-public_254987.html\" rel=\"nofollow noopener\" target=\"_blank\">Dora Maar portant un chapeau \u00e0 fleurs<\/a> color\u00e9 a \u00e9t\u00e9 battu le \u00ab\u00a0record de l\u2019ann\u00e9e\u00a0\u00bb aux ench\u00e8res le vendredi 24\u00a0octobre \u00e0 l\u2019H\u00f4tel Drouot, a indiqu\u00e9 la maison de vente. La peinture \u00e0 l\u2019huile s\u2019est vendue pour pas moins de 32\u00a0millions d\u2019euros (avec frais).<\/p>\n<p class=\"asset asset-text\">\u00ab\u00a0Nous avons battu le record de Christie\u2019s pour un tableau de Picasso cette ann\u00e9e \u00e0 Hong Kong\u00a0\u00bb, le Buste de femme (1944) un portrait de Dora Maar vendu \u00e0 23,6\u00a0millions d\u2019euros le 26\u00a0septembre dernier, s\u2019est f\u00e9licit\u00e9 aupr\u00e8s de l\u2019AFP le commissaire-priseur charg\u00e9 de cette vente, Christophe Lucien. \u00ab\u00a0C\u2019est la plus haute ench\u00e8re en France toutes maisons confondues cette ann\u00e9e\u00a0\u00bb, a-t-il assur\u00e9.<\/p>\n<p class=\"asset asset-text\">\u00ab\u00a0Picasso et Dora Maar sont deux stars incontournables des ench\u00e8res. C\u2019est un grand moment, tr\u00e8s \u00e9mouvant, dont je me souviendrai longtemps. Le monde entier \u00e9tait pr\u00e9sent, soit dans la salle, soit au t\u00e9l\u00e9phone, dans une atmosph\u00e8re \u00e9lectrique\u00a0\u00bb, a-t-il ajout\u00e9.<\/p>\n<p>    Un tableau \u00ab\u00a0inconnu du public et jamais expos\u00e9\u00a0\u00bb    <\/p>\n<p class=\"asset asset-text\">Intitul\u00e9 \u00ab\u00a0Buste de femme au chapeau \u00e0 fleurs\u00a0\u00bb, <a href=\"https:\/\/www.huffingtonpost.fr\/culture\/article\/des-tableaux-de-picasso-et-chagall-retrouves-en-belgique-14-ans-apres-avoir-ete-voles_228523.html\" rel=\"nofollow noopener\" target=\"_blank\">le tableau<\/a> peint \u00e0 l\u2019huile et d\u2019une taille de 80&#215;60 centim\u00e8tres a \u00e9t\u00e9 vendu \u00ab\u00a0\u00e0 un acqu\u00e9reur \u00e9tranger\u00a0\u00bb, selon Christophe Lucien, qui n\u2019a pas pr\u00e9cis\u00e9 sa nationalit\u00e9. L\u2019\u0153uvre repr\u00e9sente la photographe, \u00e9g\u00e9rie des surr\u00e9alistes, qui fut la compagne de Picasso pendant une dizaine d\u2019ann\u00e9es. Il n\u2019\u00e9tait estim\u00e9 qu\u2019\u00e0 huit millions d\u2019euros, une estimation basse selon le commissaire-priseur.<\/p>\n<p class=\"asset asset-text\">Son prix s\u2019est envol\u00e9 lors d\u2019une bataille en r\u00e8gle retransmise en direct sur le site de Drouot, \u00e0 laquelle se sont livr\u00e9s les ench\u00e9risseurs entretenant jusqu\u2019au bout le suspense. Sign\u00e9 par Picasso et dat\u00e9 du 11\u00a0juillet\u00a01943, le tableau, \u00ab\u00a0exceptionnel\u00a0\u00bb, selon Christophe Lucien, a \u00e9t\u00e9 acquis en ao\u00fbt\u00a01944 par un grand collectionneur fran\u00e7ais, grand-p\u00e8re des actuels ayants droit qui souhaitaient le vendre dans le cadre d\u2019une succession.<\/p>\n<p class=\"asset asset-text\">\u00ab\u00a0Inconnu du public et jamais expos\u00e9 hormis dans l\u2019atelier de Picasso pour quelques amis, il n\u2019a jamais \u00e9t\u00e9 verni ni restaur\u00e9, est juste encadr\u00e9 de minces baguettes et dans son jus\u00a0\u00bb, avait pr\u00e9cis\u00e9 Agn\u00e8s Sevestre-Barb\u00e9, sp\u00e9cialiste de Picasso, lors du d\u00e9voilement de l\u2019\u0153uvre le 19\u00a0septembre. D\u2019inspiration \u00e0 la fois naturaliste et cubiste, la toile montre Dora Maar en proie \u00e0 la tristesse mais au visage empreint de douceur, contrairement \u00e0 d\u2019autres portraits o\u00f9 le ma\u00eetre espagnol l\u2019a repr\u00e9sent\u00e9e avec une expression o\u00f9 la violence et les \u00e9motions semblent exacerb\u00e9es.<\/p>\n<p class=\"asset asset-text\">Elle porte un chapeau \u00e0 fleurs aux couleurs plut\u00f4t vives (rouge, jaune, vert, violet) avec un buste plus sombre, au moment o\u00f9 Picasso la d\u00e9laisse pour une plus jeune femme, <a href=\"https:\/\/www.huffingtonpost.fr\/culture\/article\/le-musee-picasso-honore-francoise-gilot-ancienne-compagne-du-peintre-dans-une-nouvelle-exposition_231101.html\" rel=\"nofollow noopener\" target=\"_blank\">Fran\u00e7oise Gilot<\/a>.<\/p>\n<p>                     Des portraits de Dora Maar ont d\u00e9j\u00e0 fr\u00f4l\u00e9 les 100\u00a0millions de dollars    <\/p>\n<p class=\"asset asset-text\">Plusieurs <a href=\"https:\/\/www.huffingtonpost.fr\/international\/article\/l-artiste-derriere-ce-portrait-deforme-de-donald-trump-assure-n-avoir-aucun-parti-pris-politique_248464.html\" rel=\"nofollow noopener\" target=\"_blank\">portraits<\/a> de Dora Maar ont surtout \u00e9t\u00e9 vendus aux \u00c9tats-Unis par les grandes maisons de vente anglo-saxonnes. En 2006, \u00ab\u00a0Dora Maar au chat\u00a0\u00bb avait \u00e9t\u00e9 vendu 95\u00a0millions de dollars \u00e0 New York, apr\u00e8s \u00ab\u00a0Femme assise dans un jardin\u00a0\u00bb (1938) acquise en 1999 \u00e9galement \u00e0 New York pour 49\u00a0millions de dollars. Authentifi\u00e9 par l\u2019administration Picasso, le portrait vendu n\u2019\u00e9tait connu des sp\u00e9cialistes et passionn\u00e9s de Picasso qu\u2019en noir et blanc et \u00e0 travers le catalogue raisonn\u00e9 de ses \u0153uvres (inventaire officiel) le mentionnant, selon Drouot.<\/p>\n<p class=\"asset asset-text\">Des photos de Brassa\u00ef, ami de Picasso, prises dans l\u2019atelier du peintre (rue des Grands Augustins) attestent \u00e9galement de la pr\u00e9sence du tableau, install\u00e9 au sol pr\u00e8s de la c\u00e9l\u00e8bre \u00ab\u00a0\u201cfemme au rocking-chair\u201d et d\u2019un lapin (momifi\u00e9), accroch\u00e9 au mur, r\u00e9cup\u00e9r\u00e9 par Picasso dans la cour carr\u00e9e du Louvre\u00a0\u00bb, selon Christophe Lucien.<\/p>\n","protected":false},"excerpt":{"rendered":"STEPHANE DE SAKUTIN \/ AFP Ce tableau de Picasso repr\u00e9sentant Dora Maar et intitul\u00e9 \u00ab\u00a0Buste de femme au&hellip;\n","protected":false},"author":2,"featured_media":489391,"comment_status":"","ping_status":"","sticky":false,"template":"","format":"standard","meta":{"footnotes":""},"categories":[1358],"tags":[3734,1348,1384,1385,251,1386,58,59,1011,27,52200,1585,7458],"class_list":{"0":"post-489390","1":"post","2":"type-post","3":"status-publish","4":"format-standard","5":"has-post-thumbnail","7":"category-arts-et-design","8":"tag-art","9":"tag-arts","10":"tag-arts-and-design","11":"tag-arts-et-design","12":"tag-culture","13":"tag-design","14":"tag-divertissement","15":"tag-entertainment","16":"tag-fr","17":"tag-france","18":"tag-pablo-picasso","19":"tag-peinture","20":"tag-vente-aux-encheres"},"share_on_mastodon":{"url":"https:\/\/pubeurope.com\/@fr\/115435725381269393","error":""},"_links":{"self":[{"href":"https:\/\/www.europesays.com\/fr\/wp-json\/wp\/v2\/posts\/489390","targetHints":{"allow":["GET"]}}],"collection":[{"href":"https:\/\/www.europesays.com\/fr\/wp-json\/wp\/v2\/posts"}],"about":[{"href":"https:\/\/www.europesays.com\/fr\/wp-json\/wp\/v2\/types\/post"}],"author":[{"embeddable":true,"href":"https:\/\/www.europesays.com\/fr\/wp-json\/wp\/v2\/users\/2"}],"replies":[{"embeddable":true,"href":"https:\/\/www.europesays.com\/fr\/wp-json\/wp\/v2\/comments?post=489390"}],"version-history":[{"count":0,"href":"https:\/\/www.europesays.com\/fr\/wp-json\/wp\/v2\/posts\/489390\/revisions"}],"wp:featuredmedia":[{"embeddable":true,"href":"https:\/\/www.europesays.com\/fr\/wp-json\/wp\/v2\/media\/489391"}],"wp:attachment":[{"href":"https:\/\/www.europesays.com\/fr\/wp-json\/wp\/v2\/media?parent=489390"}],"wp:term":[{"taxonomy":"category","embeddable":true,"href":"https:\/\/www.europesays.com\/fr\/wp-json\/wp\/v2\/categories?post=489390"},{"taxonomy":"post_tag","embeddable":true,"href":"https:\/\/www.europesays.com\/fr\/wp-json\/wp\/v2\/tags?post=489390"}],"curies":[{"name":"wp","href":"https:\/\/api.w.org\/{rel}","templated":true}]}}