{"id":489392,"date":"2025-10-25T16:23:12","date_gmt":"2025-10-25T16:23:12","guid":{"rendered":"https:\/\/www.europesays.com\/fr\/489392\/"},"modified":"2025-10-25T16:23:12","modified_gmt":"2025-10-25T16:23:12","slug":"star-academy-une-candidate-menacee-dexclusion-pour-des-posts-pro-rn","status":"publish","type":"post","link":"https:\/\/www.europesays.com\/fr\/489392\/","title":{"rendered":"Star Academy : une candidate menac\u00e9e d\u2019exclusion pour des posts pro-RN"},"content":{"rendered":"<p>La politique s\u2019invite au ch\u00e2teau de Dammarie-les-Lys. Depuis quelques heures, une candidate de la saison 13 de la Star Academy se retrouve malgr\u00e9 elle au centre d\u2019une vive pol\u00e9mique. Son tort : avoir \u00ab\u00a0lik\u00e9\u00a0\u00bb sur Instagram <a href=\"https:\/\/x.com\/HanaFiva\/status\/1980938313805525118\" target=\"_blank\" rel=\"noopener nofollow\">des posts de Marine Le Pen et Jordan Bardella<\/a>. Un d\u00e9lit d\u2019opinion suffisamment grave pour que certains demandent l\u2019\u00e9limination imm\u00e9diate de la jeune Anouk. \u00ab Il faut l\u2019exclure de l\u2019\u00e9mission !, a ainsi exig\u00e9 le chroniqueur Gilles Verdez, vendredi 24 octobre, sur le plateau de Tout beau, tout neuf. Sur une grande cha\u00eene comme \u00e7a, on ne peut pas tol\u00e9rer que des gens soient possiblement des sous-marins d\u2019un parti politique quel qu\u2019il soit. Pour moi, elle n\u2019a pas sa place dans l\u2019\u00e9mission\u2026 C\u2019est pas tol\u00e9rable ! \u00bb.<\/p>\n<p>\u00a0<\/p>\n<blockquote class=\"twitter-tweet\" data-media-max-width=\"560\">\n<p dir=\"ltr\" lang=\"fr\">Anouk, candidate de la <a href=\"https:\/\/twitter.com\/hashtag\/StarAcademy?src=hash&amp;ref_src=twsrc%5Etfw\" rel=\"nofollow noopener\" target=\"_blank\">#StarAcademy<\/a>, au c\u0153ur d&rsquo;une pol\u00e9mique apr\u00e8s avoir lik\u00e9 des publications de figures du Rassemblement national ! <a href=\"https:\/\/twitter.com\/hashtag\/TBT9?src=hash&amp;ref_src=twsrc%5Etfw\" rel=\"nofollow noopener\" target=\"_blank\">#TBT9<\/a> <a href=\"https:\/\/t.co\/b3fR1CPb9F\" rel=\"nofollow\">pic.twitter.com\/b3fR1CPb9F<\/a><\/p>\n<p>\u2014 TBT9 (@TBT9_W9) <a href=\"https:\/\/twitter.com\/TBT9_W9\/status\/1981783766642168216?ref_src=twsrc%5Etfw\" rel=\"nofollow noopener\" target=\"_blank\">October 24, 2025<\/a><\/p>\n<\/blockquote>\n<p>Ce n\u2019est pourtant pas la premi\u00e8re fois qu\u2019un candidat de t\u00e9l\u00e9-r\u00e9alit\u00e9 est suspect\u00e9 d&rsquo;avoir des sympathies \u00e0 droite. En 2024, Haneia des Anges avait ouvertement apport\u00e9 <a href=\"https:\/\/www.instagram.com\/p\/C8UcL-fBGw1\/\" target=\"_blank\" rel=\"noopener nofollow\">son soutien \u00e0 Jordan Bardella<\/a>. En 2022, Safia Alba des Princes et Princesses de l\u2019Amour n\u2019avait pas cach\u00e9 non plus <a href=\"https:\/\/www.radiofrance.fr\/franceinter\/podcasts\/l-edito-m\/l-edito-m-du-mardi-19-avril-2022-6800185\" target=\"_blank\" rel=\"noopener nofollow\">son penchant mariniste<\/a>. Le d\u00e9put\u00e9 RN du Pas-de-Calais Bruno Clavet est lui-m\u00eame pass\u00e9 par un t\u00e9l\u00e9-crochet : <a href=\"https:\/\/tvmag.lefigaro.fr\/programme-tv\/actu-tele\/qui-est-bruno-clavet-ancien-mannequin-lingerie-et-participant-de-x-factor-elu-depute-rn-20240702\" target=\"_blank\" rel=\"noopener nofollow\">il a particip\u00e9 \u00e0 la premi\u00e8re saison de X-Factor<\/a>, diffus\u00e9e sur W9 en 2009. Il faut croire que les \u00e9lecteurs de Marine Le Pen existent dans toutes les cat\u00e9gories professionnelles, y compris parmi les Anges, Lofteurs et autres Star-Acad\u00e9miciens\u2026<\/p>\n<p>L\u2019engagement diabolis\u00e9<\/p>\n<p>Sur X, beaucoup ont pris la d\u00e9fense de la jeune chanteuse, assurant qu\u2019un seul \u00ab\u00a0like\u00a0\u00bb en faveur de Marine Le Pen \u00e9tait insuffisant pour <a href=\"https:\/\/x.com\/infotactmedia\/status\/1982025049692352550\" target=\"_blank\" rel=\"noopener nofollow\">\u00ab qualifier une personne d\u2019extr\u00eame droite \u00bb<\/a>, ou qu\u2019\u00e9tant belge, <a href=\"https:\/\/www.closermag.fr\/tv_tele_realite\/star-academy-2025-anouk-like-des-posts-du-rn-la-polemique-fait-rage-3588626\" target=\"_blank\" rel=\"noopener nofollow\">\u00ab Anouk ne vote de toute fa\u00e7on pas en France \u00bb<\/a>. Faut-il en d\u00e9duire que les insultes et les menaces seraient en revanche justifi\u00e9es si elle avait \u00e9t\u00e9 une \u00e9lectrice du RN ? D\u2019autres ont indiqu\u00e9 que la candidate ne m\u00e9ritait sans doute pas ce d\u00e9chainement de haine contre elle, dans la mesure o\u00f9 elle avait \u00e9galement publi\u00e9 des commentaires hostiles au RN. \u00ab Anouk avait pleins de repost anti-RN et gaucho + engag\u00e9e pour la Palestine, donc baissez vos armes \u00bb, a ainsi fait valoir une certaine Chanelle. De quoi comprendre en creux que l\u2019usage des \u00ab armes \u00bb ne serait pas forc\u00e9ment ill\u00e9gitime contre des personnes engag\u00e9e \u00e0 droite\u2026<\/p>\n<p>\u00a0<\/p>\n<blockquote class=\"twitter-tweet\" data-media-max-width=\"560\">\n<p dir=\"ltr\" lang=\"fr\">anouk sur le post de squeezie qui d\u00e9truit l\u2019extr\u00eame-droite :<\/p>\n<p>anouk avait pleins de repost anti-RN et gaucho + engag\u00e9e pour , donc baissez vos armes psq tout ceux qui avait son profil avant le d\u00e9but de l\u2019\u00e9mission on connaissait son activisme<a href=\"https:\/\/twitter.com\/hashtag\/staracademylelive?src=hash&amp;ref_src=twsrc%5Etfw\" rel=\"nofollow noopener\" target=\"_blank\">#staracademylelive<\/a> <a href=\"https:\/\/twitter.com\/hashtag\/staracademy?src=hash&amp;ref_src=twsrc%5Etfw\" rel=\"nofollow noopener\" target=\"_blank\">#staracademy<\/a> <a href=\"https:\/\/t.co\/edxiTWxIQ6\" rel=\"nofollow\">https:\/\/t.co\/edxiTWxIQ6<\/a> <a href=\"https:\/\/t.co\/A07rsdMkvI\" rel=\"nofollow\">pic.twitter.com\/A07rsdMkvI<\/a><\/p>\n<p>\u2014 chanelle | AMBERZ (@Chanelle1169947) <a href=\"https:\/\/twitter.com\/Chanelle1169947\/status\/1980942409711407368?ref_src=twsrc%5Etfw\" rel=\"nofollow noopener\" target=\"_blank\">October 22, 2025<\/a><\/p>\n<\/blockquote>\n<p>Ce deux poids, deux mesures a \u00e9galement \u00e9t\u00e9 affich\u00e9 par Gilles Verdez. S\u2019il s\u2019est tout d\u2019abord d\u00e9clar\u00e9 contre la participation de candidats \u00ab\u00a0sous-marins d\u2019un parti politique quel qu\u2019il soit\u00a0\u00bb, le chroniqueur a ensuite nuanc\u00e9 son propos. Comment aurait-il r\u00e9agi si la malheureuse Anouk avait \u00ab\u00a0lik\u00e9\u00a0\u00bb non pas des posts du RN, mais des publications pro-LFI ? \u00ab\u00a0Alors, je l&rsquo;aurais vir\u00e9e\u2026 mais moins rapidement\u00a0\u00bb, a alors r\u00e9pondu le principal int\u00e9ress\u00e9, le sourire aux l\u00e8vres.<\/p>\n<p>Voil\u00e0 toute l\u2019hypocrisie du syst\u00e8me m\u00e9diatique en place. Le moindre \u00ab\u00a0like\u00a0\u00bb ou \u00ab\u00a0repost\u00a0\u00bb d\u2019une personnalit\u00e9 de droite <a href=\"https:\/\/www.bvoltaire.fr\/un-patron-de-presse-like-des-publications-de-droite-la-cgt-reclame-son-depart\/\" target=\"_blank\" rel=\"noopener nofollow\">peut vous valoir une condamnation \u00e0 la mort sociale<\/a>, tandis que l\u2019engagement \u00e0 l\u2019extr\u00eame gauche ne vous sera jamais reproch\u00e9. On ne compte plus les tribunes d\u2019artistes mainstream en faveur de Gaza, ou du <a href=\"https:\/\/www.francebleu.fr\/infos\/politique\/tribune-stephanoise-anti-rn-quand-elle-arrive-au-pouvoir-l-extreme-droite-cible-l-universite-7151930\" target=\"_blank\" rel=\"noopener nofollow\">\u00ab front r\u00e9publicain \u00bb<\/a>. Ces personnalit\u00e9s-l\u00e0 ne sont jamais inqui\u00e9t\u00e9es pour leur engagement politique. De l\u2019autre c\u00f4t\u00e9, c\u2019est une autre histoire. Aucun chanteur n\u2019a annonc\u00e9 avoir sign\u00e9, par exemple, <a href=\"https:\/\/www.bvoltaire.fr\/petition-philippe-de-villiers-les-2-millions-de-signatures-en-vue\/comment-page-2\/\" target=\"_blank\" rel=\"noopener nofollow\">la p\u00e9tition lanc\u00e9e par Philippe de Villiers<\/a>. Le prix \u00e0 payer est trop \u00e9lev\u00e9.<\/p>\n<p>                    <a href=\"#\" rel=\"nofollow\" onclick=\"window.print(); pfTrackEvent('&lt;i&gt;Star Academy&lt;\/i&gt; : une candidate menac\u00e9e d\u2019exclusion pour des posts pro-RN'); return false;\" title=\"Printer Friendly, PDF &amp; Email\"><br \/>\n                    <img decoding=\"async\" src=\"https:\/\/www.europesays.com\/fr\/wp-content\/uploads\/2025\/04\/printfriendly-icon-sm.png\" alt=\"Print Friendly, PDF &amp; Email\" class=\"pf-button-img\" style=\"width: 17px;height: 17px;\"\/>Imprimer, enregistrer en PDF cet article<br \/>\n                    <\/a><br \/>\n                <script async src=\"https:\/\/platform.twitter.com\/widgets.js\" charset=\"utf-8\"><\/script><script async src=\"\/\/www.instagram.com\/embed.js\"><\/script><\/p>\n","protected":false},"excerpt":{"rendered":"La politique s\u2019invite au ch\u00e2teau de Dammarie-les-Lys. Depuis quelques heures, une candidate de la saison 13 de la&hellip;\n","protected":false},"author":2,"featured_media":489393,"comment_status":"","ping_status":"","sticky":false,"template":"","format":"standard","meta":{"footnotes":""},"categories":[1356],"tags":[58,59,1011,27,252,1364],"class_list":{"0":"post-489392","1":"post","2":"type-post","3":"status-publish","4":"format-standard","5":"has-post-thumbnail","7":"category-television","8":"tag-divertissement","9":"tag-entertainment","10":"tag-fr","11":"tag-france","12":"tag-television","13":"tag-tv"},"share_on_mastodon":{"url":"https:\/\/pubeurope.com\/@fr\/115435733847346019","error":""},"_links":{"self":[{"href":"https:\/\/www.europesays.com\/fr\/wp-json\/wp\/v2\/posts\/489392","targetHints":{"allow":["GET"]}}],"collection":[{"href":"https:\/\/www.europesays.com\/fr\/wp-json\/wp\/v2\/posts"}],"about":[{"href":"https:\/\/www.europesays.com\/fr\/wp-json\/wp\/v2\/types\/post"}],"author":[{"embeddable":true,"href":"https:\/\/www.europesays.com\/fr\/wp-json\/wp\/v2\/users\/2"}],"replies":[{"embeddable":true,"href":"https:\/\/www.europesays.com\/fr\/wp-json\/wp\/v2\/comments?post=489392"}],"version-history":[{"count":0,"href":"https:\/\/www.europesays.com\/fr\/wp-json\/wp\/v2\/posts\/489392\/revisions"}],"wp:featuredmedia":[{"embeddable":true,"href":"https:\/\/www.europesays.com\/fr\/wp-json\/wp\/v2\/media\/489393"}],"wp:attachment":[{"href":"https:\/\/www.europesays.com\/fr\/wp-json\/wp\/v2\/media?parent=489392"}],"wp:term":[{"taxonomy":"category","embeddable":true,"href":"https:\/\/www.europesays.com\/fr\/wp-json\/wp\/v2\/categories?post=489392"},{"taxonomy":"post_tag","embeddable":true,"href":"https:\/\/www.europesays.com\/fr\/wp-json\/wp\/v2\/tags?post=489392"}],"curies":[{"name":"wp","href":"https:\/\/api.w.org\/{rel}","templated":true}]}}