{"id":489414,"date":"2025-10-25T16:34:20","date_gmt":"2025-10-25T16:34:20","guid":{"rendered":"https:\/\/www.europesays.com\/fr\/489414\/"},"modified":"2025-10-25T16:34:20","modified_gmt":"2025-10-25T16:34:20","slug":"saint-just-malmont-le-grand-galop-devient-un-bar-a-vins-et-se-transmet","status":"publish","type":"post","link":"https:\/\/www.europesays.com\/fr\/489414\/","title":{"rendered":"Saint-Just-Malmont : le Grand Galop devient un bar \u00e0 vins et se transmet"},"content":{"rendered":"<p>\t\t\t\t\t\t\t\t\t\t\t\t\t\t\t\t\t\t\t\t\t\t\t\t\t\t\t\t\t\t\t\t\t\t\t\t\t\t\t\t\t\t\t\t\t\t\t\t\t\t\t\t\t\t\t\t\t\t\t\t\t\t\t<a href=\"https:\/\/www.lacommere43.fr\/component\/banners\/click\/1841.html\" target=\"_blank\" title=\"HPV Halloween octobre 2025\" rel=\"noopener\"><br \/>\n\t\t\t\t\t\t\t<img decoding=\"async\" loading=\"lazy\" src=\"https:\/\/www.europesays.com\/fr\/wp-content\/uploads\/2025\/10\/1761410057_577_PUB_Halloween_piscine.gif\" alt=\"HPV Halloween octobre 2025\"\/><br \/>\n\t\t\t\t\t\t<\/a><\/p>\n<p>\t\t\t\t\t\t\t\t\t\t\t\t\t\t\t\t\t\t\t\t\t\t\t\t\t\t\t\t\t\t\t\t\t\t\t\t\t\t\t\t\t\t\t\t\t\t\t\t\t\t\t\t\t\t\t\t\t\t\t\t\t\t\t<a href=\"https:\/\/www.lacommere43.fr\/component\/banners\/click\/1838.html\" target=\"_blank\" title=\"Chevalier Fr\u00e8res octobre 2025\" rel=\"noopener\"><br \/>\n\t\t\t\t\t\t\t<img decoding=\"async\" loading=\"lazy\" src=\"https:\/\/www.europesays.com\/fr\/wp-content\/uploads\/2025\/10\/chevalier-2025-toussaint.gif\" alt=\"Chevalier Fr\u00e8res octobre 2025\"\/><br \/>\n\t\t\t\t\t\t<\/a><\/p>\n<p><strong>Christophe Tardy et sa femme Isabelle font \u00e9voluer le concept du Grand Galop, bar-restaurant, et ont entam\u00e9 la transmission de leur commerce \u00e0 leur fille.<\/strong><\/p>\n<p>Voil\u00e0 dix-huit ans que Christophe Tardy se trouve derri\u00e8re le comptoir, au service. D&rsquo;abord associ\u00e9, il a accueilli sa femme Isabelle en 2016. Aujourd&rsquo;hui, leur fille Fanny Fournier, en cuisine, et Nad\u00e8ge Grail, ont int\u00e9gr\u00e9 l&rsquo;affaire avec l&rsquo;id\u00e9e de reprendre le flambeau.<\/p>\n<p>Le Grand Galop reste le Grand Galop mais le commerce a arr\u00eat\u00e9 l&rsquo;activit\u00e9 PMU. \u00ab\u00a0C&rsquo;est une activit\u00e9 qui a fortement baiss\u00e9. On a divis\u00e9 le chiffre d&rsquo;affaires par six en quinze ans\u00a0\u00bb, fait savoir Christophe Tardy.<\/p>\n<p>A la place, le Grand Galop d\u00e9veloppe le concept de bar \u00e0 vins pour attirer une nouvelle client\u00e8le. \u00ab\u00a0On a actuellement 30 r\u00e9f\u00e9rences de vins sur diff\u00e9rentes r\u00e9gions de France. Je veux travailler avec des petits producteurs, c&rsquo;est bon et c&rsquo;est pas plus cher que des grosses structures.\u00a0\u00bb<\/p>\n<p>Avec le r\u00e9am\u00e9nagement int\u00e9rieur et la fa\u00e7ade refaite, les commer\u00e7ants ont d\u00e9pens\u00e9 30 000 \u20ac, avec des aides de 3200 \u20ac de la R\u00e9gion et 1600 \u20ac de la communaut\u00e9 de communes.<\/p>\n","protected":false},"excerpt":{"rendered":"Christophe Tardy et sa femme Isabelle font \u00e9voluer le concept du Grand Galop, bar-restaurant, et ont entam\u00e9 la&hellip;\n","protected":false},"author":2,"featured_media":489415,"comment_status":"","ping_status":"","sticky":false,"template":"","format":"standard","meta":{"footnotes":""},"categories":[9653],"tags":[1111,2281,11,2430,1777,674,2282,1011,27,2280,2284,2285,2283,12,25,4001],"class_list":{"0":"post-489414","1":"post","2":"type-post","3":"status-publish","4":"format-standard","5":"has-post-thumbnail","7":"category-saint-etienne","8":"tag-actu","9":"tag-actualite-43","10":"tag-actualites","11":"tag-auvergne-rhone-alpes","12":"tag-eu","13":"tag-europe","14":"tag-faits-divers-auvergne","15":"tag-fr","16":"tag-france","17":"tag-information-haute-loire","18":"tag-infos-43","19":"tag-journal-haute-loire","20":"tag-la-commere-43","21":"tag-news","22":"tag-republique-francaise","23":"tag-saint-etienne"},"share_on_mastodon":{"url":"https:\/\/pubeurope.com\/@fr\/115435777628456323","error":""},"_links":{"self":[{"href":"https:\/\/www.europesays.com\/fr\/wp-json\/wp\/v2\/posts\/489414","targetHints":{"allow":["GET"]}}],"collection":[{"href":"https:\/\/www.europesays.com\/fr\/wp-json\/wp\/v2\/posts"}],"about":[{"href":"https:\/\/www.europesays.com\/fr\/wp-json\/wp\/v2\/types\/post"}],"author":[{"embeddable":true,"href":"https:\/\/www.europesays.com\/fr\/wp-json\/wp\/v2\/users\/2"}],"replies":[{"embeddable":true,"href":"https:\/\/www.europesays.com\/fr\/wp-json\/wp\/v2\/comments?post=489414"}],"version-history":[{"count":0,"href":"https:\/\/www.europesays.com\/fr\/wp-json\/wp\/v2\/posts\/489414\/revisions"}],"wp:featuredmedia":[{"embeddable":true,"href":"https:\/\/www.europesays.com\/fr\/wp-json\/wp\/v2\/media\/489415"}],"wp:attachment":[{"href":"https:\/\/www.europesays.com\/fr\/wp-json\/wp\/v2\/media?parent=489414"}],"wp:term":[{"taxonomy":"category","embeddable":true,"href":"https:\/\/www.europesays.com\/fr\/wp-json\/wp\/v2\/categories?post=489414"},{"taxonomy":"post_tag","embeddable":true,"href":"https:\/\/www.europesays.com\/fr\/wp-json\/wp\/v2\/tags?post=489414"}],"curies":[{"name":"wp","href":"https:\/\/api.w.org\/{rel}","templated":true}]}}