{"id":489418,"date":"2025-10-25T16:36:20","date_gmt":"2025-10-25T16:36:20","guid":{"rendered":"https:\/\/www.europesays.com\/fr\/489418\/"},"modified":"2025-10-25T16:36:20","modified_gmt":"2025-10-25T16:36:20","slug":"on-en-sait-plus-sur-la-date-douverture","status":"publish","type":"post","link":"https:\/\/www.europesays.com\/fr\/489418\/","title":{"rendered":"on en sait plus sur la date d&rsquo;ouverture"},"content":{"rendered":"<p>            Par<br \/>\n        <strong><br \/>\n            <a href=\"https:\/\/actu.fr\/auteur\/pierre-emile-bouchy-actu-fr\" title=\"Consulter tous les articles de Paul-Emile Bouchy\" target=\"_blank\" rel=\"noopener\">Paul-Emile Bouchy<\/a><br \/>\n        <\/strong><\/p>\n<p>        Publi\u00e9 le<\/p>\n<p>            25 oct. 2025 \u00e0 18h02        <\/p>\n<p>Alors que <a href=\"https:\/\/actu.fr\/grand-est\/nancy_54395\/exclusif-nancy-on-connait-la-date-de-fermeture-du-magasin-c-amp-a-au-centre-commercial-saint-sebastien_63313557.html\" target=\"_blank\" rel=\"noopener\">la fermeture de l\u2019embl\u00e9matique magasin C&amp;A <\/a>aura lieu le samedi 22\u00a0novembre, <strong>une autre grande enseigne<\/strong> est en passe d\u2019ouvrir dans le <a href=\"https:\/\/actu.fr\/tag\/centre-commercial-saint-sebastien\" target=\"_blank\" rel=\"noopener\">centre commercial Saint S\u00e9bastien<\/a> \u00e0 <strong>Nancy<\/strong> (Meurthe-et-Moselle). Comme annonc\u00e9 en mai dernier, <a href=\"https:\/\/actu.fr\/grand-est\/nancy_54395\/action-debarque-au-centre-ville-de-nancy-voici-ou-va-ouvrir-ce-nouveau-magasin_62606551.html\" target=\"_blank\" rel=\"noopener\">Action va d\u00e9barquer dans le centre-ville<\/a> de la cit\u00e9 ducale pour y ouvrir un magasin. <strong>On en sait plus sur la date d\u2019ouverture<\/strong>.<\/p>\n<p>Action ouvrira en d\u00e9cembre\u00a02025<\/p>\n<p class=\" wall-content\">Jusque-l\u00e0, on savait seulement qu\u2019Action devait ouvrir d\u2019ici la fin de l\u2019ann\u00e9e 2025 au sein du centre commercial Saint S\u00e9bastien.<\/p>\n<p class=\" wall-content\">Mais la marque nous a souffl\u00e9 un petit indice : ce sera <strong>dans le courant du mois de d\u00e9cembre 2025<\/strong>, plus pr\u00e9cis\u00e9ment.<\/p>\n<p class=\" wall-content\">Pour ce qui est du jour pr\u00e9cis, il sera d\u00e9voil\u00e9 peu de temps avant l\u2019inauguration.<\/p>\n<p>Un magasin de plus de 1\u2009000 m\u00b2<\/p>\n<p class=\" wall-content\">Ce magasin sera situ\u00e9 au 1\u1d49\u02b3 \u00e9tage du centre commercial Saint S\u00e9bastien et les travaux sont actuellement en cours.<\/p>\n<p class=\" wall-content\">D\u2019une surface de <strong>plus de 1\u2009000 m\u00b2<\/strong>, il regroupera des cellules laiss\u00e9es vides par Alice D\u00e9lice, <a href=\"https:\/\/actu.fr\/grand-est\/nancy_54395\/centre-commercial-saint-sebastien-a-nancy-ce-magasin-liquide-tout-avant-sa-fermeture_60519587.html\" target=\"_blank\" rel=\"noopener\">My Kozy Shop<\/a>, l\u2019ancienne ludoth\u00e8que\u00a0et la librairie Plus belles les bulles qui a d\u00e9m\u00e9nag\u00e9 dans un autre local du centre commercial.<\/p>\n<p class=\" wall-content\">Personnalisez votre actualit\u00e9 en ajoutant vos villes et m\u00e9dias en favori avec <a href=\"https:\/\/moncompte.actu.fr\" title=\"D\u00e9couvez Mon Actu\" rel=\"nofollow noopener\" data-trk=\"{&quot;cta&quot;:{&quot;action&quot;:&quot;https:\\\/\\\/moncompte.actu.fr&quot;,&quot;category&quot;:&quot;mon compte&quot;,&quot;from&quot;:&quot;article footer&quot;,&quot;name&quot;:&quot;Mon actu&quot;,&quot;type&quot;:&quot;cta&quot;}}\" target=\"_blank\">Mon Actu<\/a>.<\/p>\n","protected":false},"excerpt":{"rendered":"Par Paul-Emile Bouchy Publi\u00e9 le 25 oct. 2025 \u00e0 18h02 Alors que la fermeture de l\u2019embl\u00e9matique magasin C&amp;A&hellip;\n","protected":false},"author":2,"featured_media":489419,"comment_status":"","ping_status":"","sticky":false,"template":"","format":"standard","meta":{"footnotes":""},"categories":[9635],"tags":[1111,11,18940,215,1777,674,1011,27,775,1702,12,3147,25,104],"class_list":{"0":"post-489418","1":"post","2":"type-post","3":"status-publish","4":"format-standard","5":"has-post-thumbnail","7":"category-nancy","8":"tag-actu","9":"tag-actualites","10":"tag-centre-commercial-saint-sebastien","11":"tag-commerce","12":"tag-eu","13":"tag-europe","14":"tag-fr","15":"tag-france","16":"tag-grand-est","17":"tag-nancy","18":"tag-news","19":"tag-nouveaux-commerces","20":"tag-republique-francaise","21":"tag-societe"},"share_on_mastodon":{"url":"https:\/\/pubeurope.com\/@fr\/115435784378874593","error":""},"_links":{"self":[{"href":"https:\/\/www.europesays.com\/fr\/wp-json\/wp\/v2\/posts\/489418","targetHints":{"allow":["GET"]}}],"collection":[{"href":"https:\/\/www.europesays.com\/fr\/wp-json\/wp\/v2\/posts"}],"about":[{"href":"https:\/\/www.europesays.com\/fr\/wp-json\/wp\/v2\/types\/post"}],"author":[{"embeddable":true,"href":"https:\/\/www.europesays.com\/fr\/wp-json\/wp\/v2\/users\/2"}],"replies":[{"embeddable":true,"href":"https:\/\/www.europesays.com\/fr\/wp-json\/wp\/v2\/comments?post=489418"}],"version-history":[{"count":0,"href":"https:\/\/www.europesays.com\/fr\/wp-json\/wp\/v2\/posts\/489418\/revisions"}],"wp:featuredmedia":[{"embeddable":true,"href":"https:\/\/www.europesays.com\/fr\/wp-json\/wp\/v2\/media\/489419"}],"wp:attachment":[{"href":"https:\/\/www.europesays.com\/fr\/wp-json\/wp\/v2\/media?parent=489418"}],"wp:term":[{"taxonomy":"category","embeddable":true,"href":"https:\/\/www.europesays.com\/fr\/wp-json\/wp\/v2\/categories?post=489418"},{"taxonomy":"post_tag","embeddable":true,"href":"https:\/\/www.europesays.com\/fr\/wp-json\/wp\/v2\/tags?post=489418"}],"curies":[{"name":"wp","href":"https:\/\/api.w.org\/{rel}","templated":true}]}}