{"id":489422,"date":"2025-10-25T16:39:10","date_gmt":"2025-10-25T16:39:10","guid":{"rendered":"https:\/\/www.europesays.com\/fr\/489422\/"},"modified":"2025-10-25T16:39:10","modified_gmt":"2025-10-25T16:39:10","slug":"premiere-pour-le-bail-domon-a-louverture-decouvrez-la-composition-de-toulon-pour-defier-toulouse","status":"publish","type":"post","link":"https:\/\/www.europesays.com\/fr\/489422\/","title":{"rendered":"Premi\u00e8re pour Le Bail, Domon \u00e0 l\u2019ouverture\u2026 D\u00e9couvrez la composition de Toulon pour d\u00e9fier Toulouse"},"content":{"rendered":"<p class=\"fs-5 \">Le Rugby club toulonnais s\u2019appr\u00eate \u00e0 affronter Toulouse avec une charni\u00e8re in\u00e9dite. Arriv\u00e9 du Racing 92 \u00e0 l\u2019intersaison, Clovis Le Bail sera titulaire au poste de demi de m\u00eal\u00e9e pour sa premi\u00e8re en rouge et noir. Il sera associ\u00e9 au jeune arri\u00e8re Marius Domon, replac\u00e9 \u00e0 l\u2019ouverture \u00e0 cette occasion. \u00ab Domonstre \u00bb n\u2019avait jusqu\u2019alors d\u00e9marr\u00e9 qu\u2019un seul match avec le maillot floqu\u00e9 du \u00ab 10 \u00bb. C\u2019\u00e9tait \u00e0 Vannes, le 26 avril dernier (d\u00e9faite 29-19).<\/p>\n<p class=\"fs-5 \">Toujours au sein de la ligne arri\u00e8re, Mathis Fert\u00e9 et Rayan Rebbadj ont, contrairement \u00e0 dimanche dernier, \u00e9t\u00e9 pr\u00e9f\u00e9r\u00e9s \u00e0 Setariki Tuicuvu et Ga\u00ebl Dr\u00e9an dans le XV de d\u00e9part. D\u00e9j\u00e0 partenaires au centre \u00e0 Clermont il y a deux semaines, J\u00e9r\u00e9my Sinzelle et Mathieu Sma\u00efli formeront quant \u00e0 eux la paire de centres.<\/p>\n<p>                                                                                M\u00e9zou enfin de retour<\/p>\n<p class=\"fs-5 \">Devant, Pierre Damond prend le relais de Teddy Baubigny en tant que titulaire au talon et Jules Coulon, plut\u00f4t en vue au Michelin, fait son retour dans l\u2019\u00e9quipe de d\u00e9part. Le capitaine Charles Ollivon est pour sa part maintenu au poste de deuxi\u00e8me ligne.<\/p>\n<p class=\"fs-5 \">Enfin, on note que Pierre Mignoni a privil\u00e9gi\u00e9 l\u2019option d\u2019aligner deux deuxi\u00e8mes lignes sur son banc de touche, avec l\u2019a\u00e9rien Corentin M\u00e9zou (de retour de blessure) et le massif Brian Alainu\u2019uese.<\/p>\n","protected":false},"excerpt":{"rendered":"Le Rugby club toulonnais s\u2019appr\u00eate \u00e0 affronter Toulouse avec une charni\u00e8re in\u00e9dite. Arriv\u00e9 du Racing 92 \u00e0 l\u2019intersaison,&hellip;\n","protected":false},"author":2,"featured_media":489423,"comment_status":"","ping_status":"","sticky":false,"template":"","format":"standard","meta":{"footnotes":""},"categories":[9619],"tags":[1111,11,1777,674,1011,27,12,882,3461,25,2310],"class_list":{"0":"post-489422","1":"post","2":"type-post","3":"status-publish","4":"format-standard","5":"has-post-thumbnail","7":"category-toulon","8":"tag-actu","9":"tag-actualites","10":"tag-eu","11":"tag-europe","12":"tag-fr","13":"tag-france","14":"tag-news","15":"tag-provence-alpes-cote-dazur","16":"tag-rct","17":"tag-republique-francaise","18":"tag-toulon"},"share_on_mastodon":{"url":"https:\/\/pubeurope.com\/@fr\/115435796180488057","error":""},"_links":{"self":[{"href":"https:\/\/www.europesays.com\/fr\/wp-json\/wp\/v2\/posts\/489422","targetHints":{"allow":["GET"]}}],"collection":[{"href":"https:\/\/www.europesays.com\/fr\/wp-json\/wp\/v2\/posts"}],"about":[{"href":"https:\/\/www.europesays.com\/fr\/wp-json\/wp\/v2\/types\/post"}],"author":[{"embeddable":true,"href":"https:\/\/www.europesays.com\/fr\/wp-json\/wp\/v2\/users\/2"}],"replies":[{"embeddable":true,"href":"https:\/\/www.europesays.com\/fr\/wp-json\/wp\/v2\/comments?post=489422"}],"version-history":[{"count":0,"href":"https:\/\/www.europesays.com\/fr\/wp-json\/wp\/v2\/posts\/489422\/revisions"}],"wp:featuredmedia":[{"embeddable":true,"href":"https:\/\/www.europesays.com\/fr\/wp-json\/wp\/v2\/media\/489423"}],"wp:attachment":[{"href":"https:\/\/www.europesays.com\/fr\/wp-json\/wp\/v2\/media?parent=489422"}],"wp:term":[{"taxonomy":"category","embeddable":true,"href":"https:\/\/www.europesays.com\/fr\/wp-json\/wp\/v2\/categories?post=489422"},{"taxonomy":"post_tag","embeddable":true,"href":"https:\/\/www.europesays.com\/fr\/wp-json\/wp\/v2\/tags?post=489422"}],"curies":[{"name":"wp","href":"https:\/\/api.w.org\/{rel}","templated":true}]}}