{"id":489430,"date":"2025-10-25T16:43:10","date_gmt":"2025-10-25T16:43:10","guid":{"rendered":"https:\/\/www.europesays.com\/fr\/489430\/"},"modified":"2025-10-25T16:43:10","modified_gmt":"2025-10-25T16:43:10","slug":"a-darnetal-emmanuel-transmet-sa-passion-du-vin-dans-sa-nouvelle-boutique","status":"publish","type":"post","link":"https:\/\/www.europesays.com\/fr\/489430\/","title":{"rendered":"\u00c0 Darn\u00e9tal, Emmanuel transmet sa passion du vin dans sa nouvelle boutique"},"content":{"rendered":"<p>            Par<br \/>\n        <strong><br \/>\n            <a href=\"https:\/\/actu.fr\/auteur\/emilien-jacques\" title=\"Consulter tous les articles de Emilien Jacques\" target=\"_blank\" rel=\"noopener\">Emilien Jacques<\/a><br \/>\n        <\/strong><\/p>\n<p>        Publi\u00e9 le<\/p>\n<p>            25 oct. 2025 \u00e0 17h30        <\/p>\n<p>Emmanuel Guilbert continue de faire grandir<strong> son association Ar\u00f4me et Passions<\/strong>, qu\u2019il a cr\u00e9\u00e9e il y a plus de dix ans maintenant. Aujourd\u2019hui, il franchit une nouvelle \u00e9tape en s\u2019installant \u00e0 <a href=\"https:\/\/actu.fr\/normandie\/darnetal_76212\" target=\"_blank\" rel=\"noopener\">Darn\u00e9tal<\/a>, et en mettant davantage l\u2019accent sur l\u2019\u00e9v\u00e9nementiel autour du vin.<\/p>\n<p>\u00ab D\u00e9sacraliser le monde de l\u2019\u0153nologie \u00bb<\/p>\n<p class=\" wall-content\">Fond\u00e9e en 2013, Ar\u00f4me et Passions a tout de suite \u00e9t\u00e9 un moyen pour Emmanuel Guilbert de partager ses connaissances et, bien s\u00fbr, sa passion : \u00ab L\u2019id\u00e9e, c\u2019est vraiment de partager cette culture du vin et des vignerons \u00bb, explique le formateur en \u0153nologie, pour qui rendre cette culture accessible au plus grand nombre est aussi une source de motivation. \u00ab Je veux donner des trucs et astuces pour que les gens puissent se d\u00e9brouiller par eux-m\u00eames et avoir des points de rep\u00e8re pour mieux s\u2019y conna\u00eetre \u00bb, poursuit Emmanuel Guilbert. \u00ab J\u2019ai cr\u00e9\u00e9 Ar\u00f4me et Passions pour d\u00e9sacraliser le monde de l\u2019\u0153nologie \u00bb, r\u00e9sume-t-il.<\/p>\n<p class=\" wall-content\">Mais alors Ar\u00f4me et Passions, c\u2019est quoi ? Tout d\u2019abord une cave avec plus de 500 r\u00e9f\u00e9rences de vins, auxquelles s\u2019ajoutent bi\u00e8res, spiritueux et boissons sans alcool. Pour trouver ces produits, il faut d\u00e9sormais se rendre sur la ZA des violettes, \u00e0 Darn\u00e9tal. Dans ces nouveaux locaux, on trouve non seulement la boutique, mais aussi des salles de r\u00e9union, coworking ou bureau priv\u00e9, \u00e0 louer \u00e0 la journ\u00e9e ou demi-journ\u00e9e.<\/p>\n<p class=\" wall-content\">Un service suppl\u00e9mentaire par rapport \u00e0 son ancienne adresse de Belbeuf, qu\u2019Emmanuel Guilbert a quitt\u00e9 en 2023 : \u00ab Tenir uniquement une boutique, ce n\u2019est pas ce que je souhaite faire. Ce qui me pla\u00eet, c\u2019est l\u2019\u00e9v\u00e9nementiel autour du vin \u00bb.<\/p>\n<p>De nombreux \u00e9v\u00e9nements<\/p>\n<p class=\" wall-content\">Le d\u00e9m\u00e9nagement d\u2019Ar\u00f4mes et Passions \u00e0 Darn\u00e9tal a donc permis \u00e0 Emmanuel Guilbert de redonner un second souffle \u00e0 son association, et de d\u00e9velopper son activit\u00e9. Le sommelier est d\u00e9sormais entour\u00e9 de deux commerciales et d\u2019une cheffe de projet \u00e9v\u00e9nementiel.<\/p>\n<p class=\" wall-content\">L\u2019offre de service s\u2019est \u00e9galement \u00e9toff\u00e9e : ateliers d\u00e9gustations, repas \u0153nologiques, location d\u2019un mur \u00e0 champagne\u2026<\/p>\n<p class=\" wall-content\">Sans oublier les nouvelles Murder Party. \u00ab C\u2019est comme un Cluedo g\u00e9ant \u00bb, sourit Emmanuel Guilbert, \u00ab il y a le c\u00f4t\u00e9 enqu\u00eate et le c\u00f4t\u00e9 escape game \u00bb. Le tout agr\u00e9ment\u00e9 d\u2019une d\u00e9gustation de vins (\u00e0 consommer avec mod\u00e9ration) et de produits du terroir, bien \u00e9videmment !<\/p>\n<p>Votre r\u00e9gion, votre actu !<\/p>\n<p>Recevez chaque jour les infos qui comptent pour vous.<\/p>\n<p>\t<a href=\"https:\/\/actu.fr\/newsletter\" class=\"ac-btn ac-btn--corner ac-btn--medium ac-btn--blue800\" target=\"_blank\" rel=\"noopener\">S&rsquo;incrire<\/a><\/p>\n<p>Ar\u00f4me et Passions, ZA des Violettes, Chemin du Pont Bleu, \u00e0 Darn\u00e9tal www.aromesetpassions.com \/ 06.08.53.33.01 Prochaine Murder Party d\u2019Ar\u00f4me et Passions le 31 octobre, \u00e0 l\u2019Abbaye de Fontaine-Gu\u00e9rard.<\/p>\n<p>Suivez l\u2019actualit\u00e9 de Rouen <a href=\"https:\/\/www.whatsapp.com\/channel\/0029VaKfnf99hXF2ddApFB1D\" target=\"_blank\" rel=\"noopener\">sur notre cha\u00eene WhatsApp<\/a> et <a href=\"https:\/\/www.tiktok.com\/@76actu.fr?lang=fr\" target=\"_blank\" rel=\"noopener\">sur notre compte TikTok<\/a><\/p>\n<p class=\" wall-content\">Personnalisez votre actualit\u00e9 en ajoutant vos villes et m\u00e9dias en favori avec <a href=\"https:\/\/moncompte.actu.fr\" title=\"D\u00e9couvez Mon Actu\" rel=\"nofollow noopener\" data-trk=\"{&quot;cta&quot;:{&quot;action&quot;:&quot;https:\\\/\\\/moncompte.actu.fr&quot;,&quot;category&quot;:&quot;mon compte&quot;,&quot;from&quot;:&quot;article footer&quot;,&quot;name&quot;:&quot;Mon actu&quot;,&quot;type&quot;:&quot;cta&quot;}}\" target=\"_blank\">Mon Actu<\/a>.<\/p>\n<p>                    <script async src=\"\/\/www.tiktok.com\/embed.js\"><\/script><\/p>\n","protected":false},"excerpt":{"rendered":"Par Emilien Jacques Publi\u00e9 le 25 oct. 2025 \u00e0 17h30 Emmanuel Guilbert continue de faire grandir son association&hellip;\n","protected":false},"author":2,"featured_media":489431,"comment_status":"","ping_status":"","sticky":false,"template":"","format":"standard","meta":{"footnotes":""},"categories":[9587],"tags":[1111,11,215,1777,674,1011,27,1652,12,5161,3147,25,9590,1662],"class_list":{"0":"post-489430","1":"post","2":"type-post","3":"status-publish","4":"format-standard","5":"has-post-thumbnail","7":"category-rouen","8":"tag-actu","9":"tag-actualites","10":"tag-commerce","11":"tag-eu","12":"tag-europe","13":"tag-fr","14":"tag-france","15":"tag-loisirs-culture","16":"tag-news","17":"tag-normandie","18":"tag-nouveaux-commerces","19":"tag-republique-francaise","20":"tag-rouen","21":"tag-vin"},"share_on_mastodon":{"url":"https:\/\/pubeurope.com\/@fr\/115435811845887047","error":""},"_links":{"self":[{"href":"https:\/\/www.europesays.com\/fr\/wp-json\/wp\/v2\/posts\/489430","targetHints":{"allow":["GET"]}}],"collection":[{"href":"https:\/\/www.europesays.com\/fr\/wp-json\/wp\/v2\/posts"}],"about":[{"href":"https:\/\/www.europesays.com\/fr\/wp-json\/wp\/v2\/types\/post"}],"author":[{"embeddable":true,"href":"https:\/\/www.europesays.com\/fr\/wp-json\/wp\/v2\/users\/2"}],"replies":[{"embeddable":true,"href":"https:\/\/www.europesays.com\/fr\/wp-json\/wp\/v2\/comments?post=489430"}],"version-history":[{"count":0,"href":"https:\/\/www.europesays.com\/fr\/wp-json\/wp\/v2\/posts\/489430\/revisions"}],"wp:featuredmedia":[{"embeddable":true,"href":"https:\/\/www.europesays.com\/fr\/wp-json\/wp\/v2\/media\/489431"}],"wp:attachment":[{"href":"https:\/\/www.europesays.com\/fr\/wp-json\/wp\/v2\/media?parent=489430"}],"wp:term":[{"taxonomy":"category","embeddable":true,"href":"https:\/\/www.europesays.com\/fr\/wp-json\/wp\/v2\/categories?post=489430"},{"taxonomy":"post_tag","embeddable":true,"href":"https:\/\/www.europesays.com\/fr\/wp-json\/wp\/v2\/tags?post=489430"}],"curies":[{"name":"wp","href":"https:\/\/api.w.org\/{rel}","templated":true}]}}