{"id":489433,"date":"2025-10-25T16:48:10","date_gmt":"2025-10-25T16:48:10","guid":{"rendered":"https:\/\/www.europesays.com\/fr\/489433\/"},"modified":"2025-10-25T16:48:10","modified_gmt":"2025-10-25T16:48:10","slug":"en-ille-et-vilaine-la-route-des-cidres-revient-a-lecomusee-de-la-bintinais","status":"publish","type":"post","link":"https:\/\/www.europesays.com\/fr\/489433\/","title":{"rendered":"En Ille-et-Vilaine, la Route des cidres revient \u00e0 l\u2019\u00e9comus\u00e9e de la Bintinais"},"content":{"rendered":"<p>            Par<br \/>\n        <strong><br \/>\n            <a href=\"https:\/\/actu.fr\/auteur\/redaction-terra\" title=\"Consulter tous les articles de R\u00e9daction Terra\" rel=\"nofollow noopener\" target=\"_blank\">R\u00e9daction Terra<\/a><br \/>\n        <\/strong><\/p>\n<p>        Publi\u00e9 le<\/p>\n<p>            25 oct. 2025 \u00e0 18h00        <\/p>\n<p>La \u00ab\u2009<b>Vilaine, Route des cidres<\/b>\u2009\u00bb fait escale le 2\u00a0novembre \u00e0 l\u2019<b>\u00e9comus\u00e9e de la Bintinais, \u00e0 Renne<\/b>s. Dix productrices et producteurs locaux de <b>cidre <\/b>y partageront leur passion et leur savoir-faire, le temps d\u2019une journ\u00e9e plac\u00e9e <b>sous le signe du go\u00fbt et des traditions<\/b>.<\/p>\n<p class=\" wall-content\">Inspir\u00e9e des routes des vins, cette initiative valorise des m\u00e9thodes paysannes et des savoir-faire ancestraux bretons. Les cidres sont \u00e9labor\u00e9s \u00e0 partir de vari\u00e9t\u00e9s locales, ferment\u00e9s gr\u00e2ce aux levures indig\u00e8nes pr\u00e9sentes sur la peau des pommes, et naturellement p\u00e9tillants \u2014 loin des gaz\u00e9ifications industrielles. Une d\u00e9marche artisanale qui fait toute la diff\u00e9rence \u00e0 la d\u00e9gustation.<\/p>\n<p class=\" wall-content\">Au programme\u2009: un march\u00e9 de producteurs, des accords fromages et cidres avec la fromagerie Koaven, des d\u00e9gustations de cidre chaud, un atelier culinaire anim\u00e9 par Valentine Bossu (Terralim) et la d\u00e9monstration du pressurage traditionnel des pommes. Trois p\u00e9pini\u00e9ristes \u2013 Hedelmia, Arbr\u2019enVie et Abondance V\u00e9g\u00e9tale \u2013 proposeront \u00e9galement des plants et semences.<\/p>\n<p class=\" wall-content\">Nouveaut\u00e9 cette ann\u00e9e\u2009: l\u2019historienne Marie Casset conduira une balade \u201cLa pomme \u00e0 l\u2019Antiquit\u00e9 et au Moyen \u00c2ge\u201d \u00e0 15\u2009h et 17\u2009h, pour d\u00e9couvrir l\u2019histoire mill\u00e9naire de ce fruit embl\u00e9matique.<\/p>\n<p class=\" wall-content\">Accessible \u00e0 pied, \u00e0 v\u00e9lo ou en bus, l\u2019\u00e9comus\u00e9e invite petits et grands \u00e0 red\u00e9couvrir la pomme dans tous ses \u00e9tats, entre patrimoine, terroir et gourmandise.<\/p>\n<p>Samedi 2\u00a0novembre \u2013 \u00c9comus\u00e9e de la Bintinais (Rennes).\u00a0Infos\u2009: <a href=\"http:\/\/actu.fr\/cdn-cgi\/l\/email-protection#1c797f7371696f7979316e797272796f5c6e797272796f7179686e736c737079327a6e\" rel=\"nofollow noopener\" target=\"_blank\">[email\u00a0protected]<\/a>\u2013 <a href=\"https:\/\/www.ecomusee-rennes-metropole.fr\/\" rel=\"nofollow noopener\" target=\"_blank\">www.ecomuse-erennes-metropole.fr<\/a><\/p>\n<p class=\" wall-content\">Personnalisez votre actualit\u00e9 en ajoutant vos villes et m\u00e9dias en favori avec <a href=\"https:\/\/moncompte.actu.fr\" title=\"D\u00e9couvez Mon Actu\" rel=\"nofollow noopener\" data-trk=\"{&quot;cta&quot;:{&quot;action&quot;:&quot;https:\\\/\\\/moncompte.actu.fr&quot;,&quot;category&quot;:&quot;mon compte&quot;,&quot;from&quot;:&quot;article footer&quot;,&quot;name&quot;:&quot;Mon actu&quot;,&quot;type&quot;:&quot;cta&quot;}}\" target=\"_blank\">Mon Actu<\/a>.<\/p>\n","protected":false},"excerpt":{"rendered":"Par R\u00e9daction Terra Publi\u00e9 le 25 oct. 2025 \u00e0 18h00 La \u00ab\u2009Vilaine, Route des cidres\u2009\u00bb fait escale le&hellip;\n","protected":false},"author":2,"featured_media":489434,"comment_status":"","ping_status":"","sticky":false,"template":"","format":"standard","meta":{"footnotes":""},"categories":[2821],"tags":[1111,11,327,829,1777,674,1011,27,12,584,25,104],"class_list":{"0":"post-489433","1":"post","2":"type-post","3":"status-publish","4":"format-standard","5":"has-post-thumbnail","7":"category-rennes","8":"tag-actu","9":"tag-actualites","10":"tag-agriculture","11":"tag-bretagne","12":"tag-eu","13":"tag-europe","14":"tag-fr","15":"tag-france","16":"tag-news","17":"tag-rennes","18":"tag-republique-francaise","19":"tag-societe"},"share_on_mastodon":{"url":"https:\/\/pubeurope.com\/@fr\/115435831608845964","error":""},"_links":{"self":[{"href":"https:\/\/www.europesays.com\/fr\/wp-json\/wp\/v2\/posts\/489433","targetHints":{"allow":["GET"]}}],"collection":[{"href":"https:\/\/www.europesays.com\/fr\/wp-json\/wp\/v2\/posts"}],"about":[{"href":"https:\/\/www.europesays.com\/fr\/wp-json\/wp\/v2\/types\/post"}],"author":[{"embeddable":true,"href":"https:\/\/www.europesays.com\/fr\/wp-json\/wp\/v2\/users\/2"}],"replies":[{"embeddable":true,"href":"https:\/\/www.europesays.com\/fr\/wp-json\/wp\/v2\/comments?post=489433"}],"version-history":[{"count":0,"href":"https:\/\/www.europesays.com\/fr\/wp-json\/wp\/v2\/posts\/489433\/revisions"}],"wp:featuredmedia":[{"embeddable":true,"href":"https:\/\/www.europesays.com\/fr\/wp-json\/wp\/v2\/media\/489434"}],"wp:attachment":[{"href":"https:\/\/www.europesays.com\/fr\/wp-json\/wp\/v2\/media?parent=489433"}],"wp:term":[{"taxonomy":"category","embeddable":true,"href":"https:\/\/www.europesays.com\/fr\/wp-json\/wp\/v2\/categories?post=489433"},{"taxonomy":"post_tag","embeddable":true,"href":"https:\/\/www.europesays.com\/fr\/wp-json\/wp\/v2\/tags?post=489433"}],"curies":[{"name":"wp","href":"https:\/\/api.w.org\/{rel}","templated":true}]}}