{"id":489437,"date":"2025-10-25T16:50:23","date_gmt":"2025-10-25T16:50:23","guid":{"rendered":"https:\/\/www.europesays.com\/fr\/489437\/"},"modified":"2025-10-25T16:50:23","modified_gmt":"2025-10-25T16:50:23","slug":"un-chauffard-seme-la-panique-sur-le-parking-du-carrefour","status":"publish","type":"post","link":"https:\/\/www.europesays.com\/fr\/489437\/","title":{"rendered":"un chauffard s\u00e8me la panique sur le parking du Carrefour"},"content":{"rendered":"<p>Les faits se sont d\u00e9roul\u00e9s vers 14\u00a0h sur le parking de l\u2019hypermarch\u00e9 \u00e0 Mundolsheim. Le conducteur d\u2019une camionnette blanche, vol\u00e9e au drive, a d\u00e9grad\u00e9 des plots sur sa route et a fonc\u00e9 volontairement sur la tonnelle, rideaux ouverts, qui abrite les gros volumes. \u00c0 tr\u00e8s vive allure, il a percut\u00e9 une palette de lessive en fr\u00f4lant une salari\u00e9e, a d\u00e9fonc\u00e9 la porte de l\u2019arri\u00e8re du chapiteau puis est retourn\u00e9 sur le parking.<\/p>\n<p>D\u2019apr\u00e8s une passante, avant de&#8230;<\/p>\n","protected":false},"excerpt":{"rendered":"Les faits se sont d\u00e9roul\u00e9s vers 14\u00a0h sur le parking de l\u2019hypermarch\u00e9 \u00e0 Mundolsheim. Le conducteur d\u2019une camionnette&hellip;\n","protected":false},"author":2,"featured_media":489438,"comment_status":"","ping_status":"","sticky":false,"template":"","format":"standard","meta":{"footnotes":""},"categories":[2820],"tags":[1111,11,2389,2649,271,272,2880,1777,674,274,107,1011,27,775,3264,12,25,640,3265],"class_list":{"0":"post-489437","1":"post","2":"type-post","3":"status-publish","4":"format-standard","5":"has-post-thumbnail","7":"category-strasbourg","8":"tag-actu","9":"tag-actualites","10":"tag-alsace","11":"tag-bas-rhin","12":"tag-crime","13":"tag-delit-et-contravention","14":"tag-edition-strasbourg","15":"tag-eu","16":"tag-europe","17":"tag-faits-divers-justice","18":"tag-fil-info","19":"tag-fr","20":"tag-france","21":"tag-grand-est","22":"tag-mundolsheim","23":"tag-news","24":"tag-republique-francaise","25":"tag-strasbourg","26":"tag-strasbourg-nord"},"share_on_mastodon":{"url":"https:\/\/pubeurope.com\/@fr\/115435839473656201","error":""},"_links":{"self":[{"href":"https:\/\/www.europesays.com\/fr\/wp-json\/wp\/v2\/posts\/489437","targetHints":{"allow":["GET"]}}],"collection":[{"href":"https:\/\/www.europesays.com\/fr\/wp-json\/wp\/v2\/posts"}],"about":[{"href":"https:\/\/www.europesays.com\/fr\/wp-json\/wp\/v2\/types\/post"}],"author":[{"embeddable":true,"href":"https:\/\/www.europesays.com\/fr\/wp-json\/wp\/v2\/users\/2"}],"replies":[{"embeddable":true,"href":"https:\/\/www.europesays.com\/fr\/wp-json\/wp\/v2\/comments?post=489437"}],"version-history":[{"count":0,"href":"https:\/\/www.europesays.com\/fr\/wp-json\/wp\/v2\/posts\/489437\/revisions"}],"wp:featuredmedia":[{"embeddable":true,"href":"https:\/\/www.europesays.com\/fr\/wp-json\/wp\/v2\/media\/489438"}],"wp:attachment":[{"href":"https:\/\/www.europesays.com\/fr\/wp-json\/wp\/v2\/media?parent=489437"}],"wp:term":[{"taxonomy":"category","embeddable":true,"href":"https:\/\/www.europesays.com\/fr\/wp-json\/wp\/v2\/categories?post=489437"},{"taxonomy":"post_tag","embeddable":true,"href":"https:\/\/www.europesays.com\/fr\/wp-json\/wp\/v2\/tags?post=489437"}],"curies":[{"name":"wp","href":"https:\/\/api.w.org\/{rel}","templated":true}]}}