{"id":489439,"date":"2025-10-25T16:51:12","date_gmt":"2025-10-25T16:51:12","guid":{"rendered":"https:\/\/www.europesays.com\/fr\/489439\/"},"modified":"2025-10-25T16:51:12","modified_gmt":"2025-10-25T16:51:12","slug":"football-ol-strasbourg-challenge-enorme-pour-les-gones-dans-un-stade-en-ebullition","status":"publish","type":"post","link":"https:\/\/www.europesays.com\/fr\/489439\/","title":{"rendered":"Football. OL &#8211; Strasbourg : challenge \u00e9norme pour les Gones dans un stade en \u00e9bullition"},"content":{"rendered":"<p>OL-Strasbourg<\/p>\n<p>20\u00a0h\u00a045 (L1 +)<\/p>\n<p>Le 97e choc de Ligue 1 entre l\u2019Olympique Lyonnais et le Racing Club de Strasbourg va \u00eatre servi tr\u00e8s chaud. C\u2019est m\u00eame une v\u00e9ritable curiosit\u00e9 tant le d\u00e9cor est de nature \u00e0 subjuguer et \u00e0 faire venir le spectateur au stade au dernier moment en trottinette !<\/p>\n<p>Par son art de prendre le rebond, l\u2019OL a emball\u00e9 des fans terroris\u00e9s en juin dernier par la peur du vide absolu. La fin du r\u00e8gne terrible de <a href=\"https:\/\/www.leprogres.fr\/p\/john-textor\" target=\"_blank\" rel=\"noopener\">John Textor<\/a> a co\u00efncid\u00e9 avec une s\u00e9r\u00e9nit\u00e9 retrouv\u00e9e, une r\u00e9flexion accrue sur ce que pouvait esp\u00e9rer le club. Et surtout, comment il pouvait se relever.<\/p>\n<p>Et l\u00e0, chapeau bas. \u00ab On a perdu deux matchs contre Toulouse et Nice que nous devions&#8230;<\/p>\n","protected":false},"excerpt":{"rendered":"OL-Strasbourg 20\u00a0h\u00a045 (L1 +) Le 97e choc de Ligue 1 entre l\u2019Olympique Lyonnais et le Racing Club de&hellip;\n","protected":false},"author":2,"featured_media":489440,"comment_status":"","ping_status":"","sticky":false,"template":"","format":"standard","meta":{"footnotes":""},"categories":[2820],"tags":[1111,11,2757,1777,674,107,63,1011,27,775,2428,2756,12,2755,25,2429,517,640],"class_list":{"0":"post-489439","1":"post","2":"type-post","3":"status-publish","4":"format-standard","5":"has-post-thumbnail","7":"category-strasbourg","8":"tag-actu","9":"tag-actualites","10":"tag-edition-lyon-villeurbanne","11":"tag-eu","12":"tag-europe","13":"tag-fil-info","14":"tag-football","15":"tag-fr","16":"tag-france","17":"tag-grand-est","18":"tag-lyon","19":"tag-lyon-bassin","20":"tag-news","21":"tag-ol-olympique-lyonnais-football","22":"tag-republique-francaise","23":"tag-rhone","24":"tag-sport","25":"tag-strasbourg"},"share_on_mastodon":{"url":"https:\/\/pubeurope.com\/@fr\/115435843344103270","error":""},"_links":{"self":[{"href":"https:\/\/www.europesays.com\/fr\/wp-json\/wp\/v2\/posts\/489439","targetHints":{"allow":["GET"]}}],"collection":[{"href":"https:\/\/www.europesays.com\/fr\/wp-json\/wp\/v2\/posts"}],"about":[{"href":"https:\/\/www.europesays.com\/fr\/wp-json\/wp\/v2\/types\/post"}],"author":[{"embeddable":true,"href":"https:\/\/www.europesays.com\/fr\/wp-json\/wp\/v2\/users\/2"}],"replies":[{"embeddable":true,"href":"https:\/\/www.europesays.com\/fr\/wp-json\/wp\/v2\/comments?post=489439"}],"version-history":[{"count":0,"href":"https:\/\/www.europesays.com\/fr\/wp-json\/wp\/v2\/posts\/489439\/revisions"}],"wp:featuredmedia":[{"embeddable":true,"href":"https:\/\/www.europesays.com\/fr\/wp-json\/wp\/v2\/media\/489440"}],"wp:attachment":[{"href":"https:\/\/www.europesays.com\/fr\/wp-json\/wp\/v2\/media?parent=489439"}],"wp:term":[{"taxonomy":"category","embeddable":true,"href":"https:\/\/www.europesays.com\/fr\/wp-json\/wp\/v2\/categories?post=489439"},{"taxonomy":"post_tag","embeddable":true,"href":"https:\/\/www.europesays.com\/fr\/wp-json\/wp\/v2\/tags?post=489439"}],"curies":[{"name":"wp","href":"https:\/\/api.w.org\/{rel}","templated":true}]}}