{"id":489447,"date":"2025-10-25T16:55:17","date_gmt":"2025-10-25T16:55:17","guid":{"rendered":"https:\/\/www.europesays.com\/fr\/489447\/"},"modified":"2025-10-25T16:55:17","modified_gmt":"2025-10-25T16:55:17","slug":"quel-est-le-spectacle-du-magmaa-cette-annee","status":"publish","type":"post","link":"https:\/\/www.europesays.com\/fr\/489447\/","title":{"rendered":"quel est le spectacle du Magmaa cette ann\u00e9e\u00a0?"},"content":{"rendered":"<p>            Par<br \/>\n        <strong><br \/>\n            <a href=\"https:\/\/actu.fr\/auteur\/laure-gentil\" title=\"Consulter tous les articles de Laure Gentil\" rel=\"nofollow noopener\" target=\"_blank\">Laure Gentil<\/a><br \/>\n        <\/strong><\/p>\n<p>        Publi\u00e9 le<\/p>\n<p>            25 oct. 2025 \u00e0 17h39        <\/p>\n<p>Chaque ann\u00e9e, le <strong>Magmaa<\/strong> organise une f\u00eate pour Halloween. Le jeudi 30\u00a0octobre 2025, de 19h30 \u00e0 22h, l\u2019<strong>Acad\u00e9mie Consacr\u00e9e aux Arts de la Danse<\/strong> (ACAD), dirig\u00e9e par Sandrine Bassara, va donner un <strong>spectacle de danse<\/strong> sp\u00e9cial Halloween.<\/p>\n<p class=\" wall-content\">L\u2019ACAD regroupe une \u00e9cole de danse et un centre de formation avec des cours de danse collectifs et des stages pour les danseurs.<\/p>\n<p>Cendrillon revisit\u00e9e<\/p>\n<p class=\" wall-content\">Le spectacle d\u2019Halloween de cette ann\u00e9e va revisiter l\u2019histoire de Cendrillon. 20 danseurs amateurs et pros de l\u2019ACAD vont y participer pendant 45\u00a0minutes.<\/p>\n<p>Synopsis<\/p>\n<p>A la fois belle et un peu maladroite notre Cendrillon vit les d\u00e9boires dus \u00e0 la date d\u2019Halloween qui s\u2019approche\u2026 Son invitation au Palais ne sera pas le moment dont elle r\u00eave depuis toujours.<\/p>\n<p class=\" wall-content\">La <strong>soir\u00e9e est ouverte \u00e0 toutes<\/strong> et tous et le jeune public est accept\u00e9.<\/p>\n<p>Spectacle gratuit.<\/p>\n<p class=\" wall-content\">Personnalisez votre actualit\u00e9 en ajoutant vos villes et m\u00e9dias en favori avec <a href=\"https:\/\/moncompte.actu.fr\" title=\"D\u00e9couvez Mon Actu\" rel=\"nofollow noopener\" data-trk=\"{&quot;cta&quot;:{&quot;action&quot;:&quot;https:\\\/\\\/moncompte.actu.fr&quot;,&quot;category&quot;:&quot;mon compte&quot;,&quot;from&quot;:&quot;article footer&quot;,&quot;name&quot;:&quot;Mon actu&quot;,&quot;type&quot;:&quot;cta&quot;}}\" target=\"_blank\">Mon Actu<\/a>.<\/p>\n","protected":false},"excerpt":{"rendered":"Par Laure Gentil Publi\u00e9 le 25 oct. 2025 \u00e0 17h39 Chaque ann\u00e9e, le Magmaa organise une f\u00eate pour&hellip;\n","protected":false},"author":2,"featured_media":104694,"comment_status":"","ping_status":"","sticky":false,"template":"","format":"standard","meta":{"footnotes":""},"categories":[2818],"tags":[1111,11,1777,674,1011,27,20815,1652,766,12,2636,25,853],"class_list":{"0":"post-489447","1":"post","2":"type-post","3":"status-publish","4":"format-standard","5":"has-post-thumbnail","7":"category-nantes","8":"tag-actu","9":"tag-actualites","10":"tag-eu","11":"tag-europe","12":"tag-fr","13":"tag-france","14":"tag-halloween","15":"tag-loisirs-culture","16":"tag-nantes","17":"tag-news","18":"tag-pays-de-la-loire","19":"tag-republique-francaise","20":"tag-spectacles"},"share_on_mastodon":{"url":"https:\/\/pubeurope.com\/@fr\/115435858977301646","error":""},"_links":{"self":[{"href":"https:\/\/www.europesays.com\/fr\/wp-json\/wp\/v2\/posts\/489447","targetHints":{"allow":["GET"]}}],"collection":[{"href":"https:\/\/www.europesays.com\/fr\/wp-json\/wp\/v2\/posts"}],"about":[{"href":"https:\/\/www.europesays.com\/fr\/wp-json\/wp\/v2\/types\/post"}],"author":[{"embeddable":true,"href":"https:\/\/www.europesays.com\/fr\/wp-json\/wp\/v2\/users\/2"}],"replies":[{"embeddable":true,"href":"https:\/\/www.europesays.com\/fr\/wp-json\/wp\/v2\/comments?post=489447"}],"version-history":[{"count":0,"href":"https:\/\/www.europesays.com\/fr\/wp-json\/wp\/v2\/posts\/489447\/revisions"}],"wp:featuredmedia":[{"embeddable":true,"href":"https:\/\/www.europesays.com\/fr\/wp-json\/wp\/v2\/media\/104694"}],"wp:attachment":[{"href":"https:\/\/www.europesays.com\/fr\/wp-json\/wp\/v2\/media?parent=489447"}],"wp:term":[{"taxonomy":"category","embeddable":true,"href":"https:\/\/www.europesays.com\/fr\/wp-json\/wp\/v2\/categories?post=489447"},{"taxonomy":"post_tag","embeddable":true,"href":"https:\/\/www.europesays.com\/fr\/wp-json\/wp\/v2\/tags?post=489447"}],"curies":[{"name":"wp","href":"https:\/\/api.w.org\/{rel}","templated":true}]}}