{"id":489457,"date":"2025-10-25T17:02:12","date_gmt":"2025-10-25T17:02:12","guid":{"rendered":"https:\/\/www.europesays.com\/fr\/489457\/"},"modified":"2025-10-25T17:02:12","modified_gmt":"2025-10-25T17:02:12","slug":"au-tribunal-la-ville-de-marseille-reclame-lexpulsion-du-cirque-benzini-installe-sur-le-parking-de-la-piscine-bonneveine","status":"publish","type":"post","link":"https:\/\/www.europesays.com\/fr\/489457\/","title":{"rendered":"Au tribunal, la Ville de Marseille r\u00e9clame l&rsquo;expulsion du cirque Benzini install\u00e9 sur le parking de la piscine Bonneveine"},"content":{"rendered":"<p>Le jeu du chat et de la souris continue\u00a0: la Ville de Marseille a saisi en urgence le tribunal administratif de Marseille contre l\u2019installation ill\u00e9gale du cirque Benzini pr\u00e8s de la piscine Bonneveine. Selon les informations de La Provence, l\u2019audience en r\u00e9f\u00e9r\u00e9 doit \u00eatre \u00e9tudi\u00e9e le lundi 27\u00a0octobre.<\/p>\n<p>Pourtant, d\u00e8s le 15\u00a0octobre, la Ville lui avait notifi\u00e9 un arr\u00eat\u00e9 d\u2019interdiction d\u2019ouverture, indique-t-elle \u00e0 La Provence. Le 19\u00a0octobre, un PV a \u00e9t\u00e9 dress\u00e9 par la police municipale pour non-respect de l\u2019arr\u00eat\u00e9. Devant la justice, la Ville r\u00e9clame l\u2019expulsion du cirque assortie d\u2019une astreinte de 500\u00a0euros par jour de retard. Avec cette proc\u00e9dure d\u2019urgence, la Ville esp\u00e8re d\u00e9loger Benzini avant la fin de sa p\u00e9riode de spectacle pr\u00e9vue le 9\u00a0novembre.<\/p>\n<p>Joints par La Provence, les responsables du cirque Benzini reconnaissent ne \u00ab\u00a0pas avoir eu les autorisations\u00a0\u00bb. La mairie de Marseille <a href=\"https:\/\/www.laprovence.com\/article\/papier\/6782439\/les-caravanes-passent-la-polemique-continue.html\" target=\"_blank\" rel=\"noopener\">s\u2019oppose depuis cinq ans<\/a> \u00e0 la venue de cirques mettant en sc\u00e8ne des animaux sauvages. Pour sa d\u00e9fense, le cirque Benzini assure que les animaux qui sont employ\u00e9s sont consid\u00e9r\u00e9s comme \u00ab\u00a0domestiques\u00a0\u00bb.<\/p>\n","protected":false},"excerpt":{"rendered":"Le jeu du chat et de la souris continue\u00a0: la Ville de Marseille a saisi en urgence le&hellip;\n","protected":false},"author":2,"featured_media":489458,"comment_status":"","ping_status":"","sticky":false,"template":"","format":"standard","meta":{"footnotes":""},"categories":[2814],"tags":[17,1111,11,61231,5398,1777,674,274,1011,27,61230,884,12,882,25029,25,3693,4824],"class_list":{"0":"post-489457","1":"post","2":"type-post","3":"status-publish","4":"format-standard","5":"has-post-thumbnail","7":"category-marseille","8":"tag-17","9":"tag-actu","10":"tag-actualites","11":"tag-benzini","12":"tag-cirque","13":"tag-eu","14":"tag-europe","15":"tag-faits-divers-justice","16":"tag-fr","17":"tag-france","18":"tag-lexpulsion","19":"tag-marseille","20":"tag-news","21":"tag-provence-alpes-cote-dazur","22":"tag-reclame","23":"tag-republique-francaise","24":"tag-tribunal","25":"tag-ville"},"share_on_mastodon":{"url":"https:\/\/pubeurope.com\/@fr\/115435886699224959","error":""},"_links":{"self":[{"href":"https:\/\/www.europesays.com\/fr\/wp-json\/wp\/v2\/posts\/489457","targetHints":{"allow":["GET"]}}],"collection":[{"href":"https:\/\/www.europesays.com\/fr\/wp-json\/wp\/v2\/posts"}],"about":[{"href":"https:\/\/www.europesays.com\/fr\/wp-json\/wp\/v2\/types\/post"}],"author":[{"embeddable":true,"href":"https:\/\/www.europesays.com\/fr\/wp-json\/wp\/v2\/users\/2"}],"replies":[{"embeddable":true,"href":"https:\/\/www.europesays.com\/fr\/wp-json\/wp\/v2\/comments?post=489457"}],"version-history":[{"count":0,"href":"https:\/\/www.europesays.com\/fr\/wp-json\/wp\/v2\/posts\/489457\/revisions"}],"wp:featuredmedia":[{"embeddable":true,"href":"https:\/\/www.europesays.com\/fr\/wp-json\/wp\/v2\/media\/489458"}],"wp:attachment":[{"href":"https:\/\/www.europesays.com\/fr\/wp-json\/wp\/v2\/media?parent=489457"}],"wp:term":[{"taxonomy":"category","embeddable":true,"href":"https:\/\/www.europesays.com\/fr\/wp-json\/wp\/v2\/categories?post=489457"},{"taxonomy":"post_tag","embeddable":true,"href":"https:\/\/www.europesays.com\/fr\/wp-json\/wp\/v2\/tags?post=489457"}],"curies":[{"name":"wp","href":"https:\/\/api.w.org\/{rel}","templated":true}]}}