{"id":489465,"date":"2025-10-25T17:07:15","date_gmt":"2025-10-25T17:07:15","guid":{"rendered":"https:\/\/www.europesays.com\/fr\/489465\/"},"modified":"2025-10-25T17:07:15","modified_gmt":"2025-10-25T17:07:15","slug":"en-fuite-lhomme-filme-par-une-passagere-a-ete-arrete","status":"publish","type":"post","link":"https:\/\/www.europesays.com\/fr\/489465\/","title":{"rendered":"en fuite, l&rsquo;homme film\u00e9 par une passag\u00e8re a \u00e9t\u00e9 arr\u00eat\u00e9"},"content":{"rendered":"<p>Une vid\u00e9o de lui circulait sur les r\u00e9seaux sociaux depuis plusieurs jours\u00a0: l&rsquo;homme soup\u00e7onn\u00e9 d&rsquo;avoir tent\u00e9 de violer une jeune femme dans le RER C mercredi\u00a015 octobre a \u00e9t\u00e9 arr\u00eat\u00e9 vendredi soir \u00e0 Mantes-la-Jolie (Yvelines), rapportent <a href=\"https:\/\/www.leparisien.fr\/faits-divers\/tentative-de-viol-dans-le-rer-c-un-homme-interpelle-dans-les-yvelines-25-10-2025-P6Q7G23VHRFOLMK7QJCP5JAISQ.php\" target=\"_blank\" rel=\"noopener\">Le Parisien<\/a> et <a href=\"https:\/\/actu.fr\/ile-de-france\/choisy-le-roi_94022\/tentative-de-viol-dans-le-rer-c-a-choisy-le-roi-le-suspect-interpelle-et-place-en-garde-a-vue_63351385.html\" target=\"_blank\" rel=\"noopener\">Actu.fr<\/a>. Le quotidien francilien avait recueilli en fin de semaine derni\u00e8re le t\u00e9moignage de la victime pr\u00e9sum\u00e9e. Jhordana, une Br\u00e9silienne de 26\u00a0ans, avait racont\u00e9 \u00e0 nos confr\u00e8res avoir \u00e9t\u00e9 agress\u00e9e par un homme, alors qu&rsquo;elle se trouvait seule avec lui dans une rame de RER en direction de Juvisy-sur-Orge (Essonne), o\u00f9 r\u00e9side son fr\u00e8re.<\/p>\n<p>Au niveau de\u00a0Choisy-le-Roi (Val-de-Marne), le suspect l&rsquo;aurait mordue, griff\u00e9e, frapp\u00e9e, \u00e9trangl\u00e9e et agress\u00e9e sexuellement. \u00ab J&rsquo;ai essay\u00e9 de m\u2019\u00e9chapper mais il a baiss\u00e9 mon pantalon. C\u2019est clair qu\u2019il essayait de me violer\u00a0\u00bb, avait-elle d\u00e9clar\u00e9 au Parisien. Jhordana avait \u00e9t\u00e9 secourue par une autre femme ayant entendu ses cris. Cette derni\u00e8re avait\u00a0 film\u00e9 l&rsquo;agresseur pr\u00e9sum\u00e9, qui avait pris la fuite peu de temps apr\u00e8s.<\/p>\n<p>D&rsquo;autres victimes potentielles<\/p>\n<p>Une enqu\u00eate a \u00e9t\u00e9 ouverte par le parquet de Cr\u00e9teil et confi\u00e9e \u00e0 la s\u00fbret\u00e9 r\u00e9gionale des transports. Les enqu\u00eateurs ont r\u00e9ussi \u00e0 retrouver la trace de l&rsquo;homme recherch\u00e9. Selon le journal r\u00e9gional, il serait \u00e2g\u00e9 de 26 ans et \u00e9tait en possession d&rsquo;une coloration permanente quand il a \u00e9t\u00e9 interpell\u00e9.<\/p>\n<p>Jhordana pourrait ne pas \u00eatre sa seule victime\u00a0: apr\u00e8s la diffusion sur les r\u00e9seaux sociaux de la vid\u00e9o o\u00f9 appara\u00eet le suspect, deux autres femmes ont t\u00e9moign\u00e9 aupr\u00e8s du <a href=\"https:\/\/www.leparisien.fr\/faits-divers\/je-lai-reconnu-tout-de-suite-apres-la-tentative-de-viol-de-jhordana-dans-le-rer-c-dautres-victimes-temoignent-23-10-2025-QSAM2A637FEKHCMP66TWHNWIBA.php\" target=\"_blank\" rel=\"noopener\">Parisien<\/a>. Marie, une \u00e9tudiante de 20\u00a0ans assure avoir \u00ab reconnu tout de suite\u00a0\u00bb son agresseur sur l&rsquo;extrait. La jeune femme dit avoir \u00e9t\u00e9 suivie par le m\u00eame homme le samedi 18 octobre, toujours dans le RER\u00a0C, entre Choisy-le-Roi et Villeneuve-le-Roi. \u00ab Il \u00e9tait en train de se toucher\u00a0\u00bb, confie-t-elle.<\/p>\n<p>Une autre femme, cette fois \u00e2g\u00e9e de 58\u00a0ans, d\u00e9crit le m\u00eame sch\u00e9ma. Selon elle, le m\u00eame homme aurait commenc\u00e9 \u00e0 se masturber devant elle dans le RER\u00a0C, alors qu&rsquo;elle se rendait au travail, il y a quelques semaines.<\/p>\n<p class=\"note\">&gt;&gt; Lire l&rsquo;article du <a href=\"https:\/\/www.leparisien.fr\/faits-divers\/il-ma-etranglee-pour-me-faire-taire-le-recit-glacant-de-jhordana-victime-dune-tentative-de-viol-dans-le-rer-c-19-10-2025-A2H7B6YGLND5PO2IYPUVSKP3LI.php\" target=\"_blank\" rel=\"noopener\">Parisien<\/a>.<\/p>\n","protected":false},"excerpt":{"rendered":"Une vid\u00e9o de lui circulait sur les r\u00e9seaux sociaux depuis plusieurs jours\u00a0: l&rsquo;homme soup\u00e7onn\u00e9 d&rsquo;avoir tent\u00e9 de violer&hellip;\n","protected":false},"author":2,"featured_media":489466,"comment_status":"","ping_status":"","sticky":false,"template":"","format":"standard","meta":{"footnotes":""},"categories":[1592],"tags":[1111,11,271,272,1777,674,274,107,1011,27,329,662,12,626,25],"class_list":{"0":"post-489465","1":"post","2":"type-post","3":"status-publish","4":"format-standard","5":"has-post-thumbnail","7":"category-ile-de-france","8":"tag-actu","9":"tag-actualites","10":"tag-crime","11":"tag-delit-et-contravention","12":"tag-eu","13":"tag-europe","14":"tag-faits-divers-justice","15":"tag-fil-info","16":"tag-fr","17":"tag-france","18":"tag-france-monde","19":"tag-ile-de-france","20":"tag-news","21":"tag-paris","22":"tag-republique-francaise"},"share_on_mastodon":{"url":"https:\/\/pubeurope.com\/@fr\/115435906362576398","error":""},"_links":{"self":[{"href":"https:\/\/www.europesays.com\/fr\/wp-json\/wp\/v2\/posts\/489465","targetHints":{"allow":["GET"]}}],"collection":[{"href":"https:\/\/www.europesays.com\/fr\/wp-json\/wp\/v2\/posts"}],"about":[{"href":"https:\/\/www.europesays.com\/fr\/wp-json\/wp\/v2\/types\/post"}],"author":[{"embeddable":true,"href":"https:\/\/www.europesays.com\/fr\/wp-json\/wp\/v2\/users\/2"}],"replies":[{"embeddable":true,"href":"https:\/\/www.europesays.com\/fr\/wp-json\/wp\/v2\/comments?post=489465"}],"version-history":[{"count":0,"href":"https:\/\/www.europesays.com\/fr\/wp-json\/wp\/v2\/posts\/489465\/revisions"}],"wp:featuredmedia":[{"embeddable":true,"href":"https:\/\/www.europesays.com\/fr\/wp-json\/wp\/v2\/media\/489466"}],"wp:attachment":[{"href":"https:\/\/www.europesays.com\/fr\/wp-json\/wp\/v2\/media?parent=489465"}],"wp:term":[{"taxonomy":"category","embeddable":true,"href":"https:\/\/www.europesays.com\/fr\/wp-json\/wp\/v2\/categories?post=489465"},{"taxonomy":"post_tag","embeddable":true,"href":"https:\/\/www.europesays.com\/fr\/wp-json\/wp\/v2\/tags?post=489465"}],"curies":[{"name":"wp","href":"https:\/\/api.w.org\/{rel}","templated":true}]}}