{"id":489475,"date":"2025-10-25T17:12:18","date_gmt":"2025-10-25T17:12:18","guid":{"rendered":"https:\/\/www.europesays.com\/fr\/489475\/"},"modified":"2025-10-25T17:12:18","modified_gmt":"2025-10-25T17:12:18","slug":"quatre-morts-dans-des-frappes-russes-et-kiev-jette-des-filets-de-peche-contre-les-drones","status":"publish","type":"post","link":"https:\/\/www.europesays.com\/fr\/489475\/","title":{"rendered":"Quatre morts dans des frappes russes et Kiev jette des filets de p\u00eache contre les drones"},"content":{"rendered":"<p>Vous avez rat\u00e9 les derniers \u00e9v\u00e9nements sur la <a href=\"https:\/\/www.20minutes.fr\/monde\/ukraine\/\" class=\"c-link c-link--is-underlined\" target=\"_blank\" rel=\"noopener\">guerre en Ukraine<\/a>\u00a0? 20 Minutes fait le point pour vous tous les soirs. Voici l\u2019essentiel de ce samedi 25\u00a0octobre, 1.340e jour du conflit.<\/p>\n<p>Le fait du jour<\/p>\n<p>L\u2019Ukraine a de nouveau \u00e9t\u00e9 pilonn\u00e9e par la <a href=\"https:\/\/www.20minutes.fr\/monde\/russie\/\" class=\"c-link c-link--is-underlined\" target=\"_blank\" rel=\"noopener\">Russie <\/a>en ce d\u00e9but de week-end, des attaques qui ont provoqu\u00e9 la mort de quatre personnes. Dans la nuit de vendredi \u00e0 samedi, <a href=\"https:\/\/www.20minutes.fr\/monde\/moscou\/\" class=\"c-link c-link--is-underlined\" target=\"_blank\" rel=\"noopener\">Moscou<\/a> a tir\u00e9 \u00ab\u00a0neuf missiles balistiques Iskander-M\u00a0\u00bb, et \u00ab\u00a064 <a href=\"https:\/\/www.20minutes.fr\/monde\/drone\/\" class=\"c-link c-link--is-underlined\" target=\"_blank\" rel=\"noopener\">drones <\/a>d\u2019attaques\u00a0\u00bb et d\u2019autres types selon l\u2019arm\u00e9e de l\u2019air ukrainienne, qui affirme avoir d\u00e9truit 50 drones et quatre missiles. L\u2019attaque a tu\u00e9 deux personnes et bless\u00e9 douze autres \u00e0 <a href=\"https:\/\/www.20minutes.fr\/dossier\/kiev\" class=\"c-link c-link--is-underlined\" target=\"_blank\" rel=\"noopener\">Kiev<\/a>, la capitale, a indiqu\u00e9 son maire <a href=\"https:\/\/www.20minutes.fr\/dossier\/vitali_klitschko\" class=\"c-link c-link--is-underlined\" target=\"_blank\" rel=\"noopener\">Vitali Klitschko<\/a> sur les r\u00e9seaux sociaux.<\/p>\n<p>Dans le centre-est du pays, \u00ab\u00a0un secouriste a \u00e9t\u00e9 tu\u00e9 et un autre bless\u00e9 \u00e0 la suite d\u2019un tir r\u00e9p\u00e9t\u00e9 de missiles sur la communaut\u00e9 de Petropavlivska dans la r\u00e9gion de Dnipropetrovsk\u00a0\u00bb, a d\u00e9clar\u00e9 le minist\u00e8re de l\u2019Int\u00e9rieur sur les r\u00e9seaux sociaux. Dans cette m\u00eame r\u00e9gion, \u00ab\u00a0une femme a \u00e9galement \u00e9t\u00e9 tu\u00e9e et sept personnes ont \u00e9t\u00e9 bless\u00e9es\u00a0\u00bb, a indiqu\u00e9 le minist\u00e8re, expliquant que des \u00ab\u00a0camions de pompiers, des b\u00e2timents r\u00e9sidentiels et des magasins ont \u00e9t\u00e9 endommag\u00e9s\u00a0\u00bb.<\/p>\n<\/p>\n<p>La phrase du jour<\/p>\n<blockquote class=\"mx-m@xs mx-xxl@md color-ultramarine c-citation\">\n<p class=\"font-weight-regular@xs text-italic font-source-serif-pro text-l@xs c-citation__content\">\u00ab\u00a0Nos partenaires disposent des syst\u00e8mes n\u00e9cessaires et peuvent d\u00e9j\u00e0 aider \u00e0 d\u00e9fendre l\u2019Ukraine\u00a0\u00bb<\/p>\n<\/blockquote>\n<p>Le pr\u00e9sident ukrainien a continu\u00e9 \u00e0 appeler ses partenaires \u00e0 prot\u00e9ger le ciel ukrainien samedi, quelques heures apr\u00e8s des bombardements russes sur l\u2019Ukraine. Volodymyr Zelensky a dit accorder \u00ab\u00a0une attention particuli\u00e8re aux syst\u00e8mes Patriot\u00a0\u00bb, co\u00fbteuses batteries antia\u00e9riennes de conception am\u00e9ricaines efficaces contre ces missiles.<\/p>\n<p>Le chiffre du jour<\/p>\n<p>280 kilom\u00e8tres. C\u2019est la distance de filets de p\u00eaches qui ont \u00e9t\u00e9 r\u00e9colt\u00e9s par deux b\u00e9n\u00e9voles de l\u2019association Kernic Solidarit\u00e9s pour l\u2019Ukraine. Ces filets usag\u00e9s sont r\u00e9colt\u00e9s dans les ports <a href=\"https:\/\/www.20minutes.fr\/dossier\/bretons\" class=\"c-link c-link--is-underlined\" target=\"_blank\" rel=\"noopener\">bretons<\/a> sont achemin\u00e9s en Ukraine pour prot\u00e9ger routes et infrastructures militaires des attaques russes. La Russie emploie en Ukraine de petits appareils volants identiques \u00e0 ceux que l\u2019on trouve dans le commerce, mais \u00e9quip\u00e9s d\u2019explosifs et qui peuvent frapper \u00e0 plus de 25\u00a0km du front.<\/p>\n<p><a href=\"https:\/\/www.20minutes.fr\/monde\/ukraine\/\" target=\"_blank\" class=\"c-link c-btn c-btn--primary\" rel=\"noopener\">Notre dossier sur la guerre en Ukraine<\/a><\/p>\n<p>Pour s\u2019en pr\u00e9munir, les Ukrainiens couvrent les routes de filets mont\u00e9s sur des poteaux, sur des centaines de kilom\u00e8tres. Quand ils s\u2019en approchent, les drones sont pi\u00e9g\u00e9s, comme un insecte dans une toile d\u2019araign\u00e9e. Kernic Solidarit\u00e9s n\u2019est d\u2019ailleurs pas la seule association \u00e0 acheminer des filets sur le front ukrainien. Ces filets retrait\u00e9s viennent aussi de <a href=\"https:\/\/www.20minutes.fr\/dossier\/suede\" class=\"c-link c-link--is-underlined\" target=\"_blank\" rel=\"noopener\">Su\u00e8de<\/a> ou du <a href=\"https:\/\/www.20minutes.fr\/dossier\/danemark\" class=\"c-link c-link--is-underlined\" target=\"_blank\" rel=\"noopener\">Danemark<\/a>.<\/p>\n","protected":false},"excerpt":{"rendered":"Vous avez rat\u00e9 les derniers \u00e9v\u00e9nements sur la guerre en Ukraine\u00a0? 20 Minutes fait le point pour vous&hellip;\n","protected":false},"author":2,"featured_media":489476,"comment_status":"","ping_status":"","sticky":false,"template":"","format":"standard","meta":{"footnotes":""},"categories":[1591],"tags":[11,1887,131,3343,74,12,1885,1886,132,135,134],"class_list":{"0":"post-489475","1":"post","2":"type-post","3":"status-publish","4":"format-standard","5":"has-post-thumbnail","7":"category-russie","8":"tag-actualites","9":"tag-federation-de-russie","10":"tag-guerre-en-ukraine","11":"tag-missile","12":"tag-monde","13":"tag-news","14":"tag-russia","15":"tag-russian-federation","16":"tag-russie","17":"tag-vladimir-poutine","18":"tag-volodymyr-zelensky"},"share_on_mastodon":{"url":"https:\/\/pubeurope.com\/@fr\/115435926326750031","error":""},"_links":{"self":[{"href":"https:\/\/www.europesays.com\/fr\/wp-json\/wp\/v2\/posts\/489475","targetHints":{"allow":["GET"]}}],"collection":[{"href":"https:\/\/www.europesays.com\/fr\/wp-json\/wp\/v2\/posts"}],"about":[{"href":"https:\/\/www.europesays.com\/fr\/wp-json\/wp\/v2\/types\/post"}],"author":[{"embeddable":true,"href":"https:\/\/www.europesays.com\/fr\/wp-json\/wp\/v2\/users\/2"}],"replies":[{"embeddable":true,"href":"https:\/\/www.europesays.com\/fr\/wp-json\/wp\/v2\/comments?post=489475"}],"version-history":[{"count":0,"href":"https:\/\/www.europesays.com\/fr\/wp-json\/wp\/v2\/posts\/489475\/revisions"}],"wp:featuredmedia":[{"embeddable":true,"href":"https:\/\/www.europesays.com\/fr\/wp-json\/wp\/v2\/media\/489476"}],"wp:attachment":[{"href":"https:\/\/www.europesays.com\/fr\/wp-json\/wp\/v2\/media?parent=489475"}],"wp:term":[{"taxonomy":"category","embeddable":true,"href":"https:\/\/www.europesays.com\/fr\/wp-json\/wp\/v2\/categories?post=489475"},{"taxonomy":"post_tag","embeddable":true,"href":"https:\/\/www.europesays.com\/fr\/wp-json\/wp\/v2\/tags?post=489475"}],"curies":[{"name":"wp","href":"https:\/\/api.w.org\/{rel}","templated":true}]}}