{"id":489483,"date":"2025-10-25T17:16:13","date_gmt":"2025-10-25T17:16:13","guid":{"rendered":"https:\/\/www.europesays.com\/fr\/489483\/"},"modified":"2025-10-25T17:16:13","modified_gmt":"2025-10-25T17:16:13","slug":"lallemagne-detruit-les-tours-de-la-centrale-de-gundremmingen","status":"publish","type":"post","link":"https:\/\/www.europesays.com\/fr\/489483\/","title":{"rendered":"l&rsquo;Allemagne d\u00e9truit les tours de la centrale de Gundremmingen"},"content":{"rendered":"<p class=\"mb-4 text-lg md:leading-8 break-words\">Deux tours de refroidissement de la centrale nucl\u00e9aire d\u00e9saffect\u00e9e de Gundremmingen, en Bavi\u00e8re, ont \u00e9t\u00e9 d\u00e9truites \u00e0 l&rsquo;explosif samedi midi dans le cadre d&rsquo;une op\u00e9ration contr\u00f4l\u00e9e.<\/p>\n<p class=\"mb-4 text-lg md:leading-8 break-words\">La centrale avait \u00e9t\u00e9 un rep\u00e8re important dans la ville pendant pr\u00e8s de six d\u00e9cennies, cr\u00e9ant de nombreux emplois et stimulant l&rsquo;\u00e9conomie locale.<\/p>\n<p class=\"mb-4 text-lg md:leading-8 break-words\">Dans le cadre de la sortie du nucl\u00e9aire et de la politique de transition \u00e9nerg\u00e9tique de l&rsquo;Allemagne, les centrales nucl\u00e9aires de Gundremmingen, Brokdorf et Grohnde avaient d\u00e9j\u00e0 \u00e9t\u00e9 mises hors service en d\u00e9cembre 2021.<\/p>\n<p>Grande affluence<\/p>\n<p class=\"mb-4 text-lg md:leading-8 break-words\">La fermeture de la centrale avait \u00e9t\u00e9 difficile \u00e0 accepter, mais des milliers de personnes se sont rassembl\u00e9es pour assister \u00e0 la d\u00e9molition des deux tours de 160 m\u00e8tres qui dominaient le paysage urbain.<\/p>\n<p class=\"mb-4 text-lg md:leading-8 break-words\">La municipalit\u00e9, qui s&rsquo;\u00e9tait pr\u00e9par\u00e9e \u00e0 accueillir une foule importante de curieux, a mis en place une zone d&rsquo;acc\u00e8s restreint autour de la centrale.<\/p>\n<p class=\"mb-4 text-lg md:leading-8 break-words\">Selon la compagnie d&rsquo;\u00e9nergie RWE, la d\u00e9molition pouvait \u00eatre observ\u00e9e depuis diff\u00e9rents points de vue dans la r\u00e9gion. Certains bistrots et bars ont propos\u00e9 des projections publiques.<\/p>\n<p>Voici comment les tours ont \u00e9t\u00e9 dynamit\u00e9es<\/p>\n<p class=\"mb-4 text-lg md:leading-8 break-words\">Il y a eu trois explosions au total. La premi\u00e8re a \u00e9t\u00e9 effectu\u00e9e pour \u00e9loigner les animaux et la faune sauvage des environs. La deuxi\u00e8me a d\u00e9truit la premi\u00e8re tour, et la troisi\u00e8me a provoqu\u00e9 l&rsquo;effondrement de la deuxi\u00e8me tour.<\/p>\n<p class=\"mb-4 text-lg md:leading-8 break-words\">Environ 56 000 tonnes de b\u00e9ton se sont effondr\u00e9es en quelques secondes. Apr\u00e8s la d\u00e9molition de samedi, le d\u00e9mant\u00e8lement de la centrale se poursuivra, selon les m\u00e9dias locaux, et devrait s&rsquo;achever d&rsquo;ici 2040.<\/p>\n","protected":false},"excerpt":{"rendered":"Deux tours de refroidissement de la centrale nucl\u00e9aire d\u00e9saffect\u00e9e de Gundremmingen, en Bavi\u00e8re, ont \u00e9t\u00e9 d\u00e9truites \u00e0 l&rsquo;explosif&hellip;\n","protected":false},"author":2,"featured_media":489484,"comment_status":"","ping_status":"","sticky":false,"template":"","format":"standard","meta":{"footnotes":""},"categories":[1587],"tags":[11,672,1804,1805,1803,1777,674,1801,61235,61234,61237,12,19008,1802,61236],"class_list":{"0":"post-489483","1":"post","2":"type-post","3":"status-publish","4":"format-standard","5":"has-post-thumbnail","7":"category-allemagne","8":"tag-actualites","9":"tag-allemagne","10":"tag-bundesrepublik-deutschland","11":"tag-de","12":"tag-deutschland","13":"tag-eu","14":"tag-europe","15":"tag-germany","16":"tag-gundremmingen","17":"tag-la-centrale","18":"tag-la-premiere","19":"tag-news","20":"tag-points-de-vue","21":"tag-republique-federale-dallemagne","22":"tag-tours-de-refroidissement"},"share_on_mastodon":{"url":"https:\/\/pubeurope.com\/@fr\/115435941629332397","error":""},"_links":{"self":[{"href":"https:\/\/www.europesays.com\/fr\/wp-json\/wp\/v2\/posts\/489483","targetHints":{"allow":["GET"]}}],"collection":[{"href":"https:\/\/www.europesays.com\/fr\/wp-json\/wp\/v2\/posts"}],"about":[{"href":"https:\/\/www.europesays.com\/fr\/wp-json\/wp\/v2\/types\/post"}],"author":[{"embeddable":true,"href":"https:\/\/www.europesays.com\/fr\/wp-json\/wp\/v2\/users\/2"}],"replies":[{"embeddable":true,"href":"https:\/\/www.europesays.com\/fr\/wp-json\/wp\/v2\/comments?post=489483"}],"version-history":[{"count":0,"href":"https:\/\/www.europesays.com\/fr\/wp-json\/wp\/v2\/posts\/489483\/revisions"}],"wp:featuredmedia":[{"embeddable":true,"href":"https:\/\/www.europesays.com\/fr\/wp-json\/wp\/v2\/media\/489484"}],"wp:attachment":[{"href":"https:\/\/www.europesays.com\/fr\/wp-json\/wp\/v2\/media?parent=489483"}],"wp:term":[{"taxonomy":"category","embeddable":true,"href":"https:\/\/www.europesays.com\/fr\/wp-json\/wp\/v2\/categories?post=489483"},{"taxonomy":"post_tag","embeddable":true,"href":"https:\/\/www.europesays.com\/fr\/wp-json\/wp\/v2\/tags?post=489483"}],"curies":[{"name":"wp","href":"https:\/\/api.w.org\/{rel}","templated":true}]}}