{"id":489523,"date":"2025-10-25T17:43:11","date_gmt":"2025-10-25T17:43:11","guid":{"rendered":"https:\/\/www.europesays.com\/fr\/489523\/"},"modified":"2025-10-25T17:43:11","modified_gmt":"2025-10-25T17:43:11","slug":"cambriolage-au-louvre-la-fenetre-la-plus-celebre-du-monde-nouvelle-attraction-touristique-de-paris","status":"publish","type":"post","link":"https:\/\/www.europesays.com\/fr\/489523\/","title":{"rendered":"Cambriolage au Louvre\u00a0: \u00ab\u00a0La fen\u00eatre la plus c\u00e9l\u00e8bre du monde\u00a0\u00bb, nouvelle attraction touristique de Paris"},"content":{"rendered":"<p class=\"paragraph text_align_left lp-f-body-02\">En plein effort, Marine interrompt son footing matinal ce samedi. Dans la ligne droite du quai Fran\u00e7ois-Mitterrand (Ier), entre la Seine et le <a href=\"https:\/\/www.leparisien.fr\/paris-75\/musee-du-louvre\/\" target=\"_blank\" rel=\"noreferrer nofollow noopener\">Louvre<\/a>, cette trentenaire parisienne marque un bref arr\u00eat, sort son t\u00e9l\u00e9phone et zoome sur une fen\u00eatre bien pr\u00e9cise du <a href=\"https:\/\/www.leparisien.fr\/faits-divers\/evadez-vous-au-louvre-quand-le-musee-change-son-slogan-sur-son-site-internet-apres-le-cambriolage-23-10-2025-DSXSAT2CL5BPHLX6ZVCVKRO6EA.php\" target=\"_blank\" rel=\"nofollow noopener\">mus\u00e9e<\/a> le plus fr\u00e9quent\u00e9 du monde. M\u00eame r\u00e9flexe pour ce cycliste qui descend de son V\u00e9lib\u2019, le temps d\u2019un selfie.<\/p>\n<p class=\"paragraph text_align_left lp-f-body-02\">Presque une semaine apr\u00e8s <a href=\"https:\/\/www.leparisien.fr\/faits-divers\/bijoux-derobes-au-musee-du-louvre-le-recit-des-sept-minutes-dun-braquage-aussi-astucieux-que-spectaculaire-19-10-2025-LKE6NG2RRJCXDPW4OGW5LG7IDQ.php\" target=\"_self\" rel=\"nofollow noopener\">l\u2019<\/a><a href=\"https:\/\/www.leparisien.fr\/faits-divers\/bijoux-derobes-au-musee-du-louvre-le-recit-des-sept-minutes-dun-braquage-aussi-astucieux-que-spectaculaire-19-10-2025-LKE6NG2RRJCXDPW4OGW5LG7IDQ.php\" target=\"_blank\" rel=\"nofollow noopener\">incroyable cambriolage<\/a> dont a \u00e9t\u00e9 victime le Louvre, il n\u2019existe pas un badaud qui ne tourne pas la t\u00eate vers l\u2019endroit o\u00f9 tout s\u2019est jou\u00e9 en une poign\u00e9e de minutes. Cet endroit pr\u00e9cis o\u00f9, le dimanche 19 octobre au matin, deux malfaiteurs ont p\u00e9n\u00e9tr\u00e9 \u00e0 l\u2019aide d\u2019une nacelle et d\u2019une \u00e9chelle dans la <a href=\"https:\/\/www.leparisien.fr\/culture-loisirs\/cambriolage-au-louvre-la-galerie-dapollon-le-coeur-battant-du-plus-grand-musee-du-monde-19-10-2025-CHUMKBOV2FFJFAVMXYHU24AGGM.php\" target=\"_blank\" rel=\"noreferrer nofollow noopener\">galerie d\u2019Apollon<\/a>, d\u00e9robant de prestigieux \u00ab joyaux de la couronne de France \u00bb.<\/p>\n","protected":false},"excerpt":{"rendered":"En plein effort, Marine interrompt son footing matinal ce samedi. Dans la ligne droite du quai Fran\u00e7ois-Mitterrand (Ier),&hellip;\n","protected":false},"author":2,"featured_media":489524,"comment_status":"","ping_status":"","sticky":false,"template":"","format":"standard","meta":{"footnotes":""},"categories":[4],"tags":[11,118,1011,27,1944,12,626,25],"class_list":{"0":"post-489523","1":"post","2":"type-post","3":"status-publish","4":"format-standard","5":"has-post-thumbnail","7":"category-france","8":"tag-actualites","9":"tag-faits-divers","10":"tag-fr","11":"tag-france","12":"tag-ma-ville","13":"tag-news","14":"tag-paris","15":"tag-republique-francaise"},"share_on_mastodon":{"url":"https:\/\/pubeurope.com\/@fr\/115436047831835103","error":""},"_links":{"self":[{"href":"https:\/\/www.europesays.com\/fr\/wp-json\/wp\/v2\/posts\/489523","targetHints":{"allow":["GET"]}}],"collection":[{"href":"https:\/\/www.europesays.com\/fr\/wp-json\/wp\/v2\/posts"}],"about":[{"href":"https:\/\/www.europesays.com\/fr\/wp-json\/wp\/v2\/types\/post"}],"author":[{"embeddable":true,"href":"https:\/\/www.europesays.com\/fr\/wp-json\/wp\/v2\/users\/2"}],"replies":[{"embeddable":true,"href":"https:\/\/www.europesays.com\/fr\/wp-json\/wp\/v2\/comments?post=489523"}],"version-history":[{"count":0,"href":"https:\/\/www.europesays.com\/fr\/wp-json\/wp\/v2\/posts\/489523\/revisions"}],"wp:featuredmedia":[{"embeddable":true,"href":"https:\/\/www.europesays.com\/fr\/wp-json\/wp\/v2\/media\/489524"}],"wp:attachment":[{"href":"https:\/\/www.europesays.com\/fr\/wp-json\/wp\/v2\/media?parent=489523"}],"wp:term":[{"taxonomy":"category","embeddable":true,"href":"https:\/\/www.europesays.com\/fr\/wp-json\/wp\/v2\/categories?post=489523"},{"taxonomy":"post_tag","embeddable":true,"href":"https:\/\/www.europesays.com\/fr\/wp-json\/wp\/v2\/tags?post=489523"}],"curies":[{"name":"wp","href":"https:\/\/api.w.org\/{rel}","templated":true}]}}