{"id":489531,"date":"2025-10-25T17:47:11","date_gmt":"2025-10-25T17:47:11","guid":{"rendered":"https:\/\/www.europesays.com\/fr\/489531\/"},"modified":"2025-10-25T17:47:11","modified_gmt":"2025-10-25T17:47:11","slug":"dites-lui-que-je-laime-en-presence-de-romane-bohringer-au-cameo","status":"publish","type":"post","link":"https:\/\/www.europesays.com\/fr\/489531\/","title":{"rendered":"Dites-lui que je l\u2019aime en pr\u00e9sence de Romane Bohringer au Cam\u00e9o"},"content":{"rendered":"<p>Pour son second long m\u00e9trage, Romane Bohringer adapte le livre autobiographique de la d\u00e9put\u00e9e de gauche Cl\u00e9mentine Autain, Dites-lui que je l\u2019aime , une \u0153uvre \u00e9mouvante dans laquelle cette derni\u00e8re raconte son enfance aupr\u00e8s de l\u2019actrice Dominique Laffin, d\u00e9c\u00e9d\u00e9e alors que Cl\u00e9mentine avait 12 ans. Romane Bohringer y a vu un parall\u00e8le si fort avec sa propre vie qu\u2019elle en a tir\u00e9 un film.<\/p>\n<p class=\"note\">Mercredi 5\u00a0novembre \u00e0 20\u00a0h\u00a015 au Cam\u00e9o Saint-S\u00e9bastien. Projection suivie d\u2019une rencontre avec Romane Bohringer la r\u00e9alisatrice.<\/p>\n","protected":false},"excerpt":{"rendered":"Pour son second long m\u00e9trage, Romane Bohringer adapte le livre autobiographique de la d\u00e9put\u00e9e de gauche Cl\u00e9mentine Autain,&hellip;\n","protected":false},"author":2,"featured_media":489532,"comment_status":"","ping_status":"","sticky":false,"template":"","format":"standard","meta":{"footnotes":""},"categories":[9635],"tags":[1111,11,650,1687,1704,1777,674,1011,27,775,1702,1703,12,25],"class_list":{"0":"post-489531","1":"post","2":"type-post","3":"status-publish","4":"format-standard","5":"has-post-thumbnail","7":"category-nancy","8":"tag-actu","9":"tag-actualites","10":"tag-cinema","11":"tag-culture-loisirs","12":"tag-edition-nancy-et-agglomeration","13":"tag-eu","14":"tag-europe","15":"tag-fr","16":"tag-france","17":"tag-grand-est","18":"tag-nancy","19":"tag-nancy-ville-54b","20":"tag-news","21":"tag-republique-francaise"},"share_on_mastodon":{"url":"https:\/\/pubeurope.com\/@fr\/115436063513187316","error":""},"_links":{"self":[{"href":"https:\/\/www.europesays.com\/fr\/wp-json\/wp\/v2\/posts\/489531","targetHints":{"allow":["GET"]}}],"collection":[{"href":"https:\/\/www.europesays.com\/fr\/wp-json\/wp\/v2\/posts"}],"about":[{"href":"https:\/\/www.europesays.com\/fr\/wp-json\/wp\/v2\/types\/post"}],"author":[{"embeddable":true,"href":"https:\/\/www.europesays.com\/fr\/wp-json\/wp\/v2\/users\/2"}],"replies":[{"embeddable":true,"href":"https:\/\/www.europesays.com\/fr\/wp-json\/wp\/v2\/comments?post=489531"}],"version-history":[{"count":0,"href":"https:\/\/www.europesays.com\/fr\/wp-json\/wp\/v2\/posts\/489531\/revisions"}],"wp:featuredmedia":[{"embeddable":true,"href":"https:\/\/www.europesays.com\/fr\/wp-json\/wp\/v2\/media\/489532"}],"wp:attachment":[{"href":"https:\/\/www.europesays.com\/fr\/wp-json\/wp\/v2\/media?parent=489531"}],"wp:term":[{"taxonomy":"category","embeddable":true,"href":"https:\/\/www.europesays.com\/fr\/wp-json\/wp\/v2\/categories?post=489531"},{"taxonomy":"post_tag","embeddable":true,"href":"https:\/\/www.europesays.com\/fr\/wp-json\/wp\/v2\/tags?post=489531"}],"curies":[{"name":"wp","href":"https:\/\/api.w.org\/{rel}","templated":true}]}}